{"id":12414,"date":"2023-05-08T08:23:12","date_gmt":"2023-05-08T07:23:12","guid":{"rendered":"http:\/\/www.mancomunidaddetentudia.com\/portal\/?p=12414"},"modified":"2023-05-08T08:23:17","modified_gmt":"2023-05-08T07:23:17","slug":"boletin-de-informacion-al-consumidor-12","status":"publish","type":"post","link":"https:\/\/www.mancomunidaddetentudia.com\/portal\/boletin-de-informacion-al-consumidor-12\/","title":{"rendered":"BOLET\u00cdN DE INFORMACI\u00d3N AL CONSUMIDOR"},"content":{"rendered":"\n<p>Desde el Consorcio Extreme\u00f1o de Informaci\u00f3n al Consumidor le hacemos llegar el bolet\u00edn digital de informaci\u00f3n al consumidor correspondiente a mayo 2023 relativo a&nbsp;<strong><em>\u00abCompraventa de veh\u00edculos de segunda mano\u00bb.<\/em><\/strong><strong><em>&nbsp;<\/em><\/strong><\/p>\n\n\n\n<p>Adem\u00e1s, en este n\u00famero:&nbsp;<\/p>\n\n\n\n<ul class=\"wp-block-list\"><li><strong>Entrevista del mes: M\u00f3nica Mart\u00edn S\u00e1nchez.&nbsp;<\/strong>Presidenta de la Mancomunidad Rivera de Fresnedosa.&nbsp;<\/li><li><strong>&nbsp;NOTA&nbsp;<em>Informaci\u00f3n de ayuda en asuntos transfronterizos de consumo europeo.&nbsp;<\/em><\/strong><\/li><li><strong>&nbsp;NOTA&nbsp;<em>sobre Memoria Anual 2022 del Consorcio Extreme\u00f1o de Informaci\u00f3n al Consumidor.&nbsp;<\/em><\/strong><\/li><li><strong>&nbsp;NOTA \u00a1<em>Aviso de Seguridad ante la Campa\u00f1a de inicio de la Renta! Que no te estafen.&nbsp;<\/em><\/strong><\/li><li><strong>&nbsp;Cada vez m\u00e1s atenci\u00f3n, formaci\u00f3n e informaci\u00f3n en CMC Rivera de Fresnedosa y Valle del Alag\u00f3n.&nbsp;<\/strong><\/li><li><strong>&nbsp;Otras noticias de actualidad.&nbsp;<\/strong><\/li><\/ul>\n\n\n\n<p>Para visualizar el documento pinche en el siguiente enlace:&nbsp;<\/p>\n\n\n\n<p><a rel=\"noreferrer noopener\" href=\"https:\/\/saludextremadura.ses.es\/masamano\/2023\/05\/05\/boletin-digital-de-informacion-al-consumidor-mayo-2023\/\" target=\"_blank\">https:\/\/saludextremadura.ses.es\/masamano\/2023\/05\/05\/boletin-digital-de-informacion-al-consumidor-mayo-2023\/<\/a>\u00a0<\/p>\n\n\n\n<p>Para ver el resto de boletines:\u00a0<\/p>\n\n\n\n<figure class=\"wp-block-embed-wordpress wp-block-embed is-type-wp-embed is-provider-masamano\"><div class=\"wp-block-embed__wrapper\">\n<blockquote class=\"wp-embedded-content\" data-secret=\"6AJDraJLne\"><a href=\"https:\/\/saludextremadura.ses.es\/masamano\/masinformacionboletines\/\">Mas informaci\u00f3n &#8211; Boletines<\/a><\/blockquote><iframe loading=\"lazy\" class=\"wp-embedded-content\" sandbox=\"allow-scripts\" security=\"restricted\" style=\"position: absolute; clip: rect(1px, 1px, 1px, 1px);\" title=\"&#171;Mas informaci\u00f3n &#8211; Boletines&#187; &#8212; masamano\" src=\"https:\/\/saludextremadura.ses.es\/masamano\/masinformacionboletines\/embed\/#?secret=6AJDraJLne\" data-secret=\"6AJDraJLne\" width=\"600\" height=\"338\" frameborder=\"0\" marginwidth=\"0\" marginheight=\"0\" scrolling=\"no\"><\/iframe>\n<\/div><\/figure>\n\n\n\n<p><\/p>\n","protected":false},"excerpt":{"rendered":"<p>Desde el Consorcio Extreme\u00f1o de Informaci\u00f3n al Consumidor le hacemos llegar el bolet\u00edn digital de informaci\u00f3n al consumidor correspondiente a mayo 2023 relativo a&nbsp;\u00abCompraventa de veh\u00edculos de segunda mano\u00bb.&nbsp; Adem\u00e1s, en este n\u00famero:&nbsp; Entrevista del mes: M\u00f3nica Mart\u00edn S\u00e1nchez.&nbsp;Presidenta de la Mancomunidad Rivera de Fresnedosa.&nbsp; &nbsp;NOTA&nbsp;Informaci\u00f3n de ayuda en asuntos transfronterizos de consumo europeo.&nbsp; &nbsp;NOTA&nbsp;sobre [&hellip;]<\/p>\n","protected":false},"author":23,"featured_media":12415,"comment_status":"open","ping_status":"open","sticky":false,"template":"","format":"standard","meta":{"footnotes":""},"categories":[27,255,24],"tags":[],"class_list":{"0":"post-12414","1":"post","2":"type-post","3":"status-publish","4":"format-standard","5":"has-post-thumbnail","7":"category-actualidad","8":"category-consumo","9":"category-tablon-de-anuncios"},"_links":{"self":[{"href":"https:\/\/www.mancomunidaddetentudia.com\/portal\/wp-json\/wp\/v2\/posts\/12414","targetHints":{"allow":["GET"]}}],"collection":[{"href":"https:\/\/www.mancomunidaddetentudia.com\/portal\/wp-json\/wp\/v2\/posts"}],"about":[{"href":"https:\/\/www.mancomunidaddetentudia.com\/portal\/wp-json\/wp\/v2\/types\/post"}],"author":[{"embeddable":true,"href":"https:\/\/www.mancomunidaddetentudia.com\/portal\/wp-json\/wp\/v2\/users\/23"}],"replies":[{"embeddable":true,"href":"https:\/\/www.mancomunidaddetentudia.com\/portal\/wp-json\/wp\/v2\/comments?post=12414"}],"version-history":[{"count":1,"href":"https:\/\/www.mancomunidaddetentudia.com\/portal\/wp-json\/wp\/v2\/posts\/12414\/revisions"}],"predecessor-version":[{"id":12416,"href":"https:\/\/www.mancomunidaddetentudia.com\/portal\/wp-json\/wp\/v2\/posts\/12414\/revisions\/12416"}],"wp:featuredmedia":[{"embeddable":true,"href":"https:\/\/www.mancomunidaddetentudia.com\/portal\/wp-json\/wp\/v2\/media\/12415"}],"wp:attachment":[{"href":"https:\/\/www.mancomunidaddetentudia.com\/portal\/wp-json\/wp\/v2\/media?parent=12414"}],"wp:term":[{"taxonomy":"category","embeddable":true,"href":"https:\/\/www.mancomunidaddetentudia.com\/portal\/wp-json\/wp\/v2\/categories?post=12414"},{"taxonomy":"post_tag","embeddable":true,"href":"https:\/\/www.mancomunidaddetentudia.com\/portal\/wp-json\/wp\/v2\/tags?post=12414"}],"curies":[{"name":"wp","href":"https:\/\/api.w.org\/{rel}","templated":true}]}}