{"id":12445,"date":"2023-06-27T11:18:26","date_gmt":"2023-06-27T10:18:26","guid":{"rendered":"http:\/\/www.mancomunidaddetentudia.com\/portal\/?p=12445"},"modified":"2023-06-27T11:18:28","modified_gmt":"2023-06-27T10:18:28","slug":"un-taller-de-astronomia-completara-el-programa-de-la-velada-estelar-de-tentudia","status":"publish","type":"post","link":"https:\/\/www.mancomunidaddetentudia.com\/portal\/un-taller-de-astronomia-completara-el-programa-de-la-velada-estelar-de-tentudia\/","title":{"rendered":"UN TALLER DE ASTRONOM\u00cdA COMPLETAR\u00c1 EL PROGRAMA DE LA VELADA ESTELAR DE TENTUD\u00cdA"},"content":{"rendered":"\n<p>\u201cCarta Estelar Tentud\u00eda\u201d, empresa comarcal que realiza observaciones astron\u00f3micas para dar a conocer el cielo de Tentud\u00eda, ser\u00e1 la encargada de mostrarno el cielo en el marco de la Gastrostar el pr\u00f3ximo 22 de julio.<\/p>\n\n\n\n<p><br>Seg\u00fan ha se\u00f1alado V\u00edctor Guare\u00f1o, creador y responsable de esta empresa comarcal, las condiciones previstas para la cita son ideales para \u00abviajar\u00bb por la V\u00eda L\u00e1ctea.<\/p>\n\n\n\n<p>V\u00edctor guiar\u00e1 a los asistentes por nuestro cielo, explic\u00e1ndoles lo que se puede observar a simple vista, y adem\u00e1s podr\u00e1n disfrutar de la visualizaci\u00f3n de determinados objetos concretos a trav\u00e9s de un telescopio.<\/p>\n","protected":false},"excerpt":{"rendered":"<p>\u201cCarta Estelar Tentud\u00eda\u201d, empresa comarcal que realiza observaciones astron\u00f3micas para dar a conocer el cielo de Tentud\u00eda, ser\u00e1 la encargada de mostrarno el cielo en el marco de la Gastrostar el pr\u00f3ximo 22 de julio. Seg\u00fan ha se\u00f1alado V\u00edctor Guare\u00f1o, creador y responsable de esta empresa comarcal, las condiciones previstas para la cita son ideales [&hellip;]<\/p>\n","protected":false},"author":23,"featured_media":12443,"comment_status":"open","ping_status":"open","sticky":false,"template":"","format":"standard","meta":{"footnotes":""},"categories":[27,53,37,68,23,24],"tags":[],"class_list":{"0":"post-12445","1":"post","2":"type-post","3":"status-publish","4":"format-standard","5":"has-post-thumbnail","7":"category-actualidad","8":"category-citas-y-eventos","9":"category-destacados","10":"category-mancomunidad","11":"category-notas-de-prensa","12":"category-tablon-de-anuncios"},"_links":{"self":[{"href":"https:\/\/www.mancomunidaddetentudia.com\/portal\/wp-json\/wp\/v2\/posts\/12445","targetHints":{"allow":["GET"]}}],"collection":[{"href":"https:\/\/www.mancomunidaddetentudia.com\/portal\/wp-json\/wp\/v2\/posts"}],"about":[{"href":"https:\/\/www.mancomunidaddetentudia.com\/portal\/wp-json\/wp\/v2\/types\/post"}],"author":[{"embeddable":true,"href":"https:\/\/www.mancomunidaddetentudia.com\/portal\/wp-json\/wp\/v2\/users\/23"}],"replies":[{"embeddable":true,"href":"https:\/\/www.mancomunidaddetentudia.com\/portal\/wp-json\/wp\/v2\/comments?post=12445"}],"version-history":[{"count":1,"href":"https:\/\/www.mancomunidaddetentudia.com\/portal\/wp-json\/wp\/v2\/posts\/12445\/revisions"}],"predecessor-version":[{"id":12446,"href":"https:\/\/www.mancomunidaddetentudia.com\/portal\/wp-json\/wp\/v2\/posts\/12445\/revisions\/12446"}],"wp:featuredmedia":[{"embeddable":true,"href":"https:\/\/www.mancomunidaddetentudia.com\/portal\/wp-json\/wp\/v2\/media\/12443"}],"wp:attachment":[{"href":"https:\/\/www.mancomunidaddetentudia.com\/portal\/wp-json\/wp\/v2\/media?parent=12445"}],"wp:term":[{"taxonomy":"category","embeddable":true,"href":"https:\/\/www.mancomunidaddetentudia.com\/portal\/wp-json\/wp\/v2\/categories?post=12445"},{"taxonomy":"post_tag","embeddable":true,"href":"https:\/\/www.mancomunidaddetentudia.com\/portal\/wp-json\/wp\/v2\/tags?post=12445"}],"curies":[{"name":"wp","href":"https:\/\/api.w.org\/{rel}","templated":true}]}}