{"id":12455,"date":"2023-06-29T06:46:13","date_gmt":"2023-06-29T05:46:13","guid":{"rendered":"http:\/\/www.mancomunidaddetentudia.com\/portal\/?p=12455"},"modified":"2023-06-29T06:46:14","modified_gmt":"2023-06-29T05:46:14","slug":"el-cuarteto-guadiana-aportara-la-nota-celestial-a-la-muestra-gastrostar","status":"publish","type":"post","link":"https:\/\/www.mancomunidaddetentudia.com\/portal\/el-cuarteto-guadiana-aportara-la-nota-celestial-a-la-muestra-gastrostar\/","title":{"rendered":"EL CUARTETO GUADIANA APORTAR\u00c1 LA NOTA CELESTIAL A LA MUESTRA GASTROSTAR"},"content":{"rendered":"\n<p>El cuarteto de cuerdas \u201c<strong>Guadiana<\/strong>\u201d ser\u00e1 uno de los encargados de la banda sonora en vivo de la <em>Muestra Gastrostar<\/em>. El Cuarteto Guadiana es una agrupaci\u00f3n musical especializada en eventos de todas las caracter\u00edsticas, compuesta por cuatro m\u00fasicos profesionales que decidieron unirse para formar lo que ahora es una de las agrupaciones con m\u00e1s \u00e9xito en el sector.<\/p>\n\n\n\n<p>Los asistentes podr\u00e1n disfrutar de un repertorio donde se incluyen como base temas cl\u00e1sicos, interpretando tambi\u00e9n bandas sonoras de pel\u00edculas, e incluso se atreven con adaptaciones de temas de pop rock actuales.<\/p>\n\n\n\n<p>El grupo cuenta con una formaci\u00f3n cl\u00e1sica de cuarteto de cuerda compuesta por dos violines, una viola y un violonchelo. Esta combinaci\u00f3n es perfecta para llegar a explotar un gran repertorio especialmente realizado para este tipo de formaci\u00f3n.<\/p>\n\n\n\n<p>Con Cuarteto Guadiana gozaremos de una m\u00fasica muy profesional y de todo lo que la cuerda de estos cuatro m\u00fasicos puede ofrecernos. Una t\u00e9cnica depurada y una selecci\u00f3n del mejor repertorio pondr\u00e1n el toque de elegancia, solemnidad y emoci\u00f3n a cada momento de la Muestra.<\/p>\n","protected":false},"excerpt":{"rendered":"<p>El cuarteto de cuerdas \u201cGuadiana\u201d ser\u00e1 uno de los encargados de la banda sonora en vivo de la Muestra Gastrostar. El Cuarteto Guadiana es una agrupaci\u00f3n musical especializada en eventos de todas las caracter\u00edsticas, compuesta por cuatro m\u00fasicos profesionales que decidieron unirse para formar lo que ahora es una de las agrupaciones con m\u00e1s \u00e9xito [&hellip;]<\/p>\n","protected":false},"author":23,"featured_media":12456,"comment_status":"open","ping_status":"open","sticky":false,"template":"","format":"standard","meta":{"footnotes":""},"categories":[27,53,37,68,23,24],"tags":[],"class_list":{"0":"post-12455","1":"post","2":"type-post","3":"status-publish","4":"format-standard","5":"has-post-thumbnail","7":"category-actualidad","8":"category-citas-y-eventos","9":"category-destacados","10":"category-mancomunidad","11":"category-notas-de-prensa","12":"category-tablon-de-anuncios"},"_links":{"self":[{"href":"https:\/\/www.mancomunidaddetentudia.com\/portal\/wp-json\/wp\/v2\/posts\/12455","targetHints":{"allow":["GET"]}}],"collection":[{"href":"https:\/\/www.mancomunidaddetentudia.com\/portal\/wp-json\/wp\/v2\/posts"}],"about":[{"href":"https:\/\/www.mancomunidaddetentudia.com\/portal\/wp-json\/wp\/v2\/types\/post"}],"author":[{"embeddable":true,"href":"https:\/\/www.mancomunidaddetentudia.com\/portal\/wp-json\/wp\/v2\/users\/23"}],"replies":[{"embeddable":true,"href":"https:\/\/www.mancomunidaddetentudia.com\/portal\/wp-json\/wp\/v2\/comments?post=12455"}],"version-history":[{"count":1,"href":"https:\/\/www.mancomunidaddetentudia.com\/portal\/wp-json\/wp\/v2\/posts\/12455\/revisions"}],"predecessor-version":[{"id":12457,"href":"https:\/\/www.mancomunidaddetentudia.com\/portal\/wp-json\/wp\/v2\/posts\/12455\/revisions\/12457"}],"wp:featuredmedia":[{"embeddable":true,"href":"https:\/\/www.mancomunidaddetentudia.com\/portal\/wp-json\/wp\/v2\/media\/12456"}],"wp:attachment":[{"href":"https:\/\/www.mancomunidaddetentudia.com\/portal\/wp-json\/wp\/v2\/media?parent=12455"}],"wp:term":[{"taxonomy":"category","embeddable":true,"href":"https:\/\/www.mancomunidaddetentudia.com\/portal\/wp-json\/wp\/v2\/categories?post=12455"},{"taxonomy":"post_tag","embeddable":true,"href":"https:\/\/www.mancomunidaddetentudia.com\/portal\/wp-json\/wp\/v2\/tags?post=12455"}],"curies":[{"name":"wp","href":"https:\/\/api.w.org\/{rel}","templated":true}]}}