{"id":12458,"date":"2023-07-04T09:12:17","date_gmt":"2023-07-04T08:12:17","guid":{"rendered":"http:\/\/www.mancomunidaddetentudia.com\/portal\/?p=12458"},"modified":"2023-07-04T09:12:18","modified_gmt":"2023-07-04T08:12:18","slug":"catas-de-vino-de-la-mano-de-carlos-vivas-otro-de-los-grandes-sumilleres-profesionaes-de-extremadura","status":"publish","type":"post","link":"https:\/\/www.mancomunidaddetentudia.com\/portal\/catas-de-vino-de-la-mano-de-carlos-vivas-otro-de-los-grandes-sumilleres-profesionaes-de-extremadura\/","title":{"rendered":"CATAS DE VINO DE LA MANO DE CARLOS VIVAS, OTRO DE LOS GRANDES SUMILLERES PROFESIONAES DE EXTREMADURA"},"content":{"rendered":"\n<p>Carlos Jes\u00fas Vivas es socio fundador y representante de \u201cV Sentidos Catas\u201d, conformado por un equipo de sumilleres que ofrecen actividades y experiencias diferentes relacionadas con el vino y la cerveza, todas ellas con un marcado sello creativo y para todo tipo de p\u00fablicos, destacando especialmente las formaciones en catas de vino, creaci\u00f3n de maridajes, degustaci\u00f3n de vinos, cervezas y otros, e incluso visitas guiadas a bodegas y vi\u00f1edos para todo aquel amante del vino que quiere seguir aprendiendo sobre este mundo o quien est\u00e9 comenzando a sumergirse en la tem\u00e1tica.<\/p>\n\n\n\n<p>Como sumiller, Carlos fue campe\u00f3n de Extremadura de Sumiller y Semifinalista del Campeonato al Mejor Sumiller de Espa\u00f1a 2014, 2016 y 2018, adem\u00e1s de ganador del certamen extreme\u00f1o en 2014 y subcampe\u00f3n en 2016, y semifinalista en dos ediciones del certamen nacional.<\/p>\n\n\n\n<p>Su empresa V Sentidos ha abierto el abanico hacia otras posibilidades, tanto en productos a catar (incluyendo cervezas artesanas, aceite, queso, chocolate, ron, ginebra, etc\u00e9tera) como en las actividades complementarias a la cata, como pueden ser el arte del sablage (abrir un cava con un golpe de sable), la cata de corchos o la cata de los sentidos.<\/p>\n","protected":false},"excerpt":{"rendered":"<p>Carlos Jes\u00fas Vivas es socio fundador y representante de \u201cV Sentidos Catas\u201d, conformado por un equipo de sumilleres que ofrecen actividades y experiencias diferentes relacionadas con el vino y la cerveza, todas ellas con un marcado sello creativo y para todo tipo de p\u00fablicos, destacando especialmente las formaciones en catas de vino, creaci\u00f3n de maridajes, [&hellip;]<\/p>\n","protected":false},"author":23,"featured_media":12459,"comment_status":"open","ping_status":"open","sticky":false,"template":"","format":"standard","meta":{"footnotes":""},"categories":[27,53,37,68,23,24],"tags":[],"class_list":{"0":"post-12458","1":"post","2":"type-post","3":"status-publish","4":"format-standard","5":"has-post-thumbnail","7":"category-actualidad","8":"category-citas-y-eventos","9":"category-destacados","10":"category-mancomunidad","11":"category-notas-de-prensa","12":"category-tablon-de-anuncios"},"_links":{"self":[{"href":"https:\/\/www.mancomunidaddetentudia.com\/portal\/wp-json\/wp\/v2\/posts\/12458","targetHints":{"allow":["GET"]}}],"collection":[{"href":"https:\/\/www.mancomunidaddetentudia.com\/portal\/wp-json\/wp\/v2\/posts"}],"about":[{"href":"https:\/\/www.mancomunidaddetentudia.com\/portal\/wp-json\/wp\/v2\/types\/post"}],"author":[{"embeddable":true,"href":"https:\/\/www.mancomunidaddetentudia.com\/portal\/wp-json\/wp\/v2\/users\/23"}],"replies":[{"embeddable":true,"href":"https:\/\/www.mancomunidaddetentudia.com\/portal\/wp-json\/wp\/v2\/comments?post=12458"}],"version-history":[{"count":1,"href":"https:\/\/www.mancomunidaddetentudia.com\/portal\/wp-json\/wp\/v2\/posts\/12458\/revisions"}],"predecessor-version":[{"id":12460,"href":"https:\/\/www.mancomunidaddetentudia.com\/portal\/wp-json\/wp\/v2\/posts\/12458\/revisions\/12460"}],"wp:featuredmedia":[{"embeddable":true,"href":"https:\/\/www.mancomunidaddetentudia.com\/portal\/wp-json\/wp\/v2\/media\/12459"}],"wp:attachment":[{"href":"https:\/\/www.mancomunidaddetentudia.com\/portal\/wp-json\/wp\/v2\/media?parent=12458"}],"wp:term":[{"taxonomy":"category","embeddable":true,"href":"https:\/\/www.mancomunidaddetentudia.com\/portal\/wp-json\/wp\/v2\/categories?post=12458"},{"taxonomy":"post_tag","embeddable":true,"href":"https:\/\/www.mancomunidaddetentudia.com\/portal\/wp-json\/wp\/v2\/tags?post=12458"}],"curies":[{"name":"wp","href":"https:\/\/api.w.org\/{rel}","templated":true}]}}