{"id":12465,"date":"2023-07-07T09:23:17","date_gmt":"2023-07-07T08:23:17","guid":{"rendered":"http:\/\/www.mancomunidaddetentudia.com\/portal\/?p=12465"},"modified":"2023-07-10T09:24:30","modified_gmt":"2023-07-10T08:24:30","slug":"nota-informativa-plan-emergencia-por-sequia-en-la-mancomunidad-de-tentudia","status":"publish","type":"post","link":"https:\/\/www.mancomunidaddetentudia.com\/portal\/nota-informativa-plan-emergencia-por-sequia-en-la-mancomunidad-de-tentudia\/","title":{"rendered":"NOTA INFORMATIVA PLAN EMERGENCIA POR SEQU\u00cdA EN LA MANCOMUNIDAD DE TENTUD\u00cdA"},"content":{"rendered":"\n<p>La Mancomunidad de Tentud\u00eda, tuvo el jueves 6 de julio una reuni\u00f3n informativa a la que estaban invitados todos los alcaldes y alcaldesas sobre la grave situaci\u00f3n de sequ\u00eda que vienen padeciendo sus municipios de manera prolongada y c\u00edclica en los \u00faltimos a\u00f1os.<\/p>\n\n\n\n<p>En dicha reuni\u00f3n, que fue secundada por la empresa concesionaria del servicio de abastecimiento de agua potable (Aquanex), se dio cuenta a los nuevos representantes pol\u00edticos de las medidas contempladas en el Plan de Emergencia por Sequ\u00eda (PES), aprobado en diciembre del 2021, as\u00ed como de las actuaciones establecidas en el Decreto de Presidencia de la Declaraci\u00f3n del paso a la Fase III, el cual contempla una serie de pruebas pilotos en distintos municipios, seleccionados t\u00e9cnicamente para recabar informaci\u00f3n necesaria para la toma de decisiones a corto plazo.<\/p>\n\n\n\n<p>La Mancomunidad de Tentud\u00eda, subray\u00f3 la obligatoriedad del cumplimiento del PES por parte de todos los municipios, as\u00ed como la celeridad de todas las actuaciones aprobadas leg\u00edtimamente por la anterior Asamblea de la Mancomunidad y por la Mesa del Agua, encaminadas al importante ahorro de agua que se precisa de cara a los pr\u00f3ximos meses y sobre lo cual, de no conseguir reducir el consumo de forma dr\u00e1stica en toda la poblaci\u00f3n, existe el riesgo de desabastecimiento en un corto per\u00edodo de tiempo.<\/p>\n\n\n\n<p>Paralelo a estas medidas pilotos semanales aprobadas en el Decreto de Presidencia, que consisten en pruebas nocturnas, con la disminuci\u00f3n de caudal en el municipio de Fuente de Cantos y el corte de agua en el municipio de Calera de Le\u00f3n, la Mancomunidad de Tentud\u00eda ha solicitado a los municipios en la modalidad de Alta (Monesterio, Montemol\u00edn, Bienvenida y Calzadilla de los Barros) el consumo y rendimiento de sus redes, con el fin de obtener mayor informaci\u00f3n y nuevos datos de consumo, de cara a poder establecer m\u00e1s medidas de ahorro de agua.<\/p>\n\n\n\n<p>Respecto a otros cortes de agua en el resto de poblaciones, el lunes 10 de julio se retomar\u00e1n estas pruebas pilotos de cortes nocturnos en el municipio de Calera de Le\u00f3n, en cumplimiento del Decreto de Presidencia de la Declaraci\u00f3n de la Fase III, y seguidamente en Segura de Le\u00f3n, bien con disminuci\u00f3n de presi\u00f3n, cortes nocturnos, adem\u00e1s de campa\u00f1as de control de fugas en todo el resto de municipios, y que ser\u00e1 informado a la ciudadan\u00eda de esas localidades con la debida antelaci\u00f3n.<\/p>\n\n\n\n<p>En la reuni\u00f3n, cabe destacar el compromiso de todos los alcaldes y alcaldesas de llevar a cabo las medidas establecidas en el vigente PES, del cumplimiento de las decisiones aprobadas en la Mesa del Agua, todas ellas encaminadas a conservar el agua almacenada en el embalse, actualmente en 0,62hm3 de capacidad, a la explotaci\u00f3n gradual de los pozos, y a seguir pidiendo a la poblaci\u00f3n la m\u00e1xima comprensi\u00f3n en el uso racional del agua, puesto que, de no conseguir resultados \u00f3ptimos con todas estas medidas a corto plazo, en unas semanas habr\u00eda que tomar decisiones mucho m\u00e1s dr\u00e1sticas y restrictivas.&nbsp;<\/p>\n\n\n\n<p>Del mismo modo, una vez m\u00e1s se puso de manifiesto la buena concienciaci\u00f3n y sensibilizaci\u00f3n de toda la ciudadan\u00eda, volviendo a pedirles, m\u00e1s si cabe y de cara al verano, un esfuerzo extra en el uso del agua por el bien de toda la poblaci\u00f3n de esta Comarca. &nbsp;&nbsp;<\/p>\n","protected":false},"excerpt":{"rendered":"<p>La Mancomunidad de Tentud\u00eda, tuvo el jueves 6 de julio una reuni\u00f3n informativa a la que estaban invitados todos los alcaldes y alcaldesas sobre la grave situaci\u00f3n de sequ\u00eda que vienen padeciendo sus municipios de manera prolongada y c\u00edclica en los \u00faltimos a\u00f1os. En dicha reuni\u00f3n, que fue secundada por la empresa concesionaria del servicio [&hellip;]<\/p>\n","protected":false},"author":23,"featured_media":12453,"comment_status":"open","ping_status":"open","sticky":false,"template":"","format":"standard","meta":{"footnotes":""},"categories":[42,27,37,68,23,24],"tags":[],"class_list":{"0":"post-12465","1":"post","2":"type-post","3":"status-publish","4":"format-standard","5":"has-post-thumbnail","7":"category-abastecimiento-de-aguas","8":"category-actualidad","9":"category-destacados","10":"category-mancomunidad","11":"category-notas-de-prensa","12":"category-tablon-de-anuncios"},"_links":{"self":[{"href":"https:\/\/www.mancomunidaddetentudia.com\/portal\/wp-json\/wp\/v2\/posts\/12465","targetHints":{"allow":["GET"]}}],"collection":[{"href":"https:\/\/www.mancomunidaddetentudia.com\/portal\/wp-json\/wp\/v2\/posts"}],"about":[{"href":"https:\/\/www.mancomunidaddetentudia.com\/portal\/wp-json\/wp\/v2\/types\/post"}],"author":[{"embeddable":true,"href":"https:\/\/www.mancomunidaddetentudia.com\/portal\/wp-json\/wp\/v2\/users\/23"}],"replies":[{"embeddable":true,"href":"https:\/\/www.mancomunidaddetentudia.com\/portal\/wp-json\/wp\/v2\/comments?post=12465"}],"version-history":[{"count":1,"href":"https:\/\/www.mancomunidaddetentudia.com\/portal\/wp-json\/wp\/v2\/posts\/12465\/revisions"}],"predecessor-version":[{"id":12466,"href":"https:\/\/www.mancomunidaddetentudia.com\/portal\/wp-json\/wp\/v2\/posts\/12465\/revisions\/12466"}],"wp:featuredmedia":[{"embeddable":true,"href":"https:\/\/www.mancomunidaddetentudia.com\/portal\/wp-json\/wp\/v2\/media\/12453"}],"wp:attachment":[{"href":"https:\/\/www.mancomunidaddetentudia.com\/portal\/wp-json\/wp\/v2\/media?parent=12465"}],"wp:term":[{"taxonomy":"category","embeddable":true,"href":"https:\/\/www.mancomunidaddetentudia.com\/portal\/wp-json\/wp\/v2\/categories?post=12465"},{"taxonomy":"post_tag","embeddable":true,"href":"https:\/\/www.mancomunidaddetentudia.com\/portal\/wp-json\/wp\/v2\/tags?post=12465"}],"curies":[{"name":"wp","href":"https:\/\/api.w.org\/{rel}","templated":true}]}}