{"id":12475,"date":"2023-07-14T11:10:55","date_gmt":"2023-07-14T10:10:55","guid":{"rendered":"http:\/\/www.mancomunidaddetentudia.com\/portal\/?p=12475"},"modified":"2023-07-19T11:38:34","modified_gmt":"2023-07-19T10:38:34","slug":"autenticos-manjares-de-la-dehesa-a-los-platos-de-los-asistentes-de-la-v-muestra-gastrostar","status":"publish","type":"post","link":"https:\/\/www.mancomunidaddetentudia.com\/portal\/autenticos-manjares-de-la-dehesa-a-los-platos-de-los-asistentes-de-la-v-muestra-gastrostar\/","title":{"rendered":"AUT\u00c9NTICOS MANJARES DE LA DEHESA A LOS PLATOS DE LOS ASISTENTES DE LA V MUESTRA GASTROSTAR"},"content":{"rendered":"\n<p>Durante la cena de la Gastrostar, que tendr\u00e1 lugar el pr\u00f3ximo s\u00e1bado 22 de julio en plena Sierra de Tentud\u00eda, los asistentes se podr\u00e1n deleitar de la mejor gastronom\u00eda que ofrece nuestra Comarca.<\/p>\n\n\n\n<p>Jamones y embutidos ib\u00e9ricos de la marca Jam\u00f3n de Monesterio, Fuente de Cantos, Calera de Le\u00f3n, Cabeza la Vaca y Fuentes de Le\u00f3n, junto a quesos artesanos de Cabeza la Vaca y aceite de producci\u00f3n comarcal, abrir\u00e1n la Muestra para que los asistentes vayan abriendo boca en este avance de la cena degustaci\u00f3n que vivir\u00e1n bajo un manto de estrellas.<\/p>\n\n\n\n<p>Tras estos entrantes, se dar\u00e1 paso a los platos principales, elaborados a base de carnes de producci\u00f3n aut\u00f3ctonas, como son el cerdo ib\u00e9rico y el cordero.<\/p>\n\n\n\n<p>Para finalizar, se servir\u00e1 un delicioso postre artesano con el que podr\u00e1n deleitarse en cada bocado.<\/p>\n","protected":false},"excerpt":{"rendered":"<p>Durante la cena de la Gastrostar, que tendr\u00e1 lugar el pr\u00f3ximo s\u00e1bado 22 de julio en plena Sierra de Tentud\u00eda, los asistentes se podr\u00e1n deleitar de la mejor gastronom\u00eda que ofrece nuestra Comarca. Jamones y embutidos ib\u00e9ricos de la marca Jam\u00f3n de Monesterio, Fuente de Cantos, Calera de Le\u00f3n, Cabeza la Vaca y Fuentes de [&hellip;]<\/p>\n","protected":false},"author":23,"featured_media":12476,"comment_status":"open","ping_status":"open","sticky":false,"template":"","format":"standard","meta":{"footnotes":""},"categories":[27,53,37,68,23,24],"tags":[],"class_list":{"0":"post-12475","1":"post","2":"type-post","3":"status-publish","4":"format-standard","5":"has-post-thumbnail","7":"category-actualidad","8":"category-citas-y-eventos","9":"category-destacados","10":"category-mancomunidad","11":"category-notas-de-prensa","12":"category-tablon-de-anuncios"},"_links":{"self":[{"href":"https:\/\/www.mancomunidaddetentudia.com\/portal\/wp-json\/wp\/v2\/posts\/12475","targetHints":{"allow":["GET"]}}],"collection":[{"href":"https:\/\/www.mancomunidaddetentudia.com\/portal\/wp-json\/wp\/v2\/posts"}],"about":[{"href":"https:\/\/www.mancomunidaddetentudia.com\/portal\/wp-json\/wp\/v2\/types\/post"}],"author":[{"embeddable":true,"href":"https:\/\/www.mancomunidaddetentudia.com\/portal\/wp-json\/wp\/v2\/users\/23"}],"replies":[{"embeddable":true,"href":"https:\/\/www.mancomunidaddetentudia.com\/portal\/wp-json\/wp\/v2\/comments?post=12475"}],"version-history":[{"count":2,"href":"https:\/\/www.mancomunidaddetentudia.com\/portal\/wp-json\/wp\/v2\/posts\/12475\/revisions"}],"predecessor-version":[{"id":12478,"href":"https:\/\/www.mancomunidaddetentudia.com\/portal\/wp-json\/wp\/v2\/posts\/12475\/revisions\/12478"}],"wp:featuredmedia":[{"embeddable":true,"href":"https:\/\/www.mancomunidaddetentudia.com\/portal\/wp-json\/wp\/v2\/media\/12476"}],"wp:attachment":[{"href":"https:\/\/www.mancomunidaddetentudia.com\/portal\/wp-json\/wp\/v2\/media?parent=12475"}],"wp:term":[{"taxonomy":"category","embeddable":true,"href":"https:\/\/www.mancomunidaddetentudia.com\/portal\/wp-json\/wp\/v2\/categories?post=12475"},{"taxonomy":"post_tag","embeddable":true,"href":"https:\/\/www.mancomunidaddetentudia.com\/portal\/wp-json\/wp\/v2\/tags?post=12475"}],"curies":[{"name":"wp","href":"https:\/\/api.w.org\/{rel}","templated":true}]}}