{"id":12479,"date":"2023-07-20T11:10:48","date_gmt":"2023-07-20T10:10:48","guid":{"rendered":"http:\/\/www.mancomunidaddetentudia.com\/portal\/?p=12479"},"modified":"2023-07-20T11:10:49","modified_gmt":"2023-07-20T10:10:49","slug":"comienza-la-cuenta-atras-para-la-celebracion-de-la-v-muestra-gastrostar","status":"publish","type":"post","link":"https:\/\/www.mancomunidaddetentudia.com\/portal\/comienza-la-cuenta-atras-para-la-celebracion-de-la-v-muestra-gastrostar\/","title":{"rendered":"COMIENZA LA CUENTA ATR\u00c1S PARA LA CELEBRACI\u00d3N DE LA V MUESTRA GASTROSTAR"},"content":{"rendered":"\n<p>El entorno \u00fanico del Monasterio de Tentud\u00eda, una joya mud\u00e9jar cargada de historia y leyenda, vivir\u00e1 nuevamente una noche m\u00e1gica con la celebraci\u00f3n de la <em>V Muestra GastroStar<\/em>, un evento organizado por la Mancomunidad de Tentud\u00eda, que tendr\u00e1 lugar la noche del 22 de julio.<\/p>\n\n\n\n<p>En esta quinta edici\u00f3n de la muestra se combinar\u00e1n de nuevo los dos elementos que constituyen la esencia e identidad del evento: lo mejor de la gastronom\u00eda de la Comarca y lo mejor de su cielo, todo ello expuesto en un observatorio privilegiado, a 1.108 metros de altitud y totalmente libre de contaminaci\u00f3n lum\u00ednica, vi\u00e9ndose los asistentes literalmente envueltos en un manto de estrellas.<\/p>\n\n\n\n<p>El aforo de la Muestra ser\u00e1 de 250 personas y durante toda la velada los asistentes podr\u00e1n disfrutar de lo mejor de la gastronom\u00eda de la Comarca, m\u00fasica en directo y adem\u00e1s ser\u00e1n guiados por expertos para contemplar el cielo de Tentud\u00eda en lo que se augura como una noche inolvidable.<\/p>\n\n\n\n<p>El programa para esta noche m\u00e1gica ser\u00e1 el siguiente:<\/p>\n\n\n\n<p>-20.00h: Recepci\u00f3n de visitantes<\/p>\n\n\n\n<p>-21.00h: Inauguraci\u00f3n oficial<\/p>\n\n\n\n<p>-21.15h: Inicio de las degustaciones y catas<\/p>\n\n\n\n<p>-23.30h: Taller astron\u00f3mico: contemplaci\u00f3n de constelaciones, estrellas y planetas<\/p>\n\n\n\n<p>-01.30h (aprox.): Fin del evento<\/p>\n\n\n\n<p>La quinta edici\u00f3n de este evento estelar cuenta con la cofinanciaci\u00f3n de la Consejer\u00eda de Cultura, Turismo y Deportes de la Junta de Extremadura, as\u00ed como el Patrocinio de la Diputaci\u00f3n de Badajoz.<\/p>\n","protected":false},"excerpt":{"rendered":"<p>El entorno \u00fanico del Monasterio de Tentud\u00eda, una joya mud\u00e9jar cargada de historia y leyenda, vivir\u00e1 nuevamente una noche m\u00e1gica con la celebraci\u00f3n de la V Muestra GastroStar, un evento organizado por la Mancomunidad de Tentud\u00eda, que tendr\u00e1 lugar la noche del 22 de julio. En esta quinta edici\u00f3n de la muestra se combinar\u00e1n de [&hellip;]<\/p>\n","protected":false},"author":23,"featured_media":12220,"comment_status":"open","ping_status":"open","sticky":false,"template":"","format":"standard","meta":{"footnotes":""},"categories":[27,53,37,68,23,24],"tags":[],"class_list":{"0":"post-12479","1":"post","2":"type-post","3":"status-publish","4":"format-standard","5":"has-post-thumbnail","7":"category-actualidad","8":"category-citas-y-eventos","9":"category-destacados","10":"category-mancomunidad","11":"category-notas-de-prensa","12":"category-tablon-de-anuncios"},"_links":{"self":[{"href":"https:\/\/www.mancomunidaddetentudia.com\/portal\/wp-json\/wp\/v2\/posts\/12479","targetHints":{"allow":["GET"]}}],"collection":[{"href":"https:\/\/www.mancomunidaddetentudia.com\/portal\/wp-json\/wp\/v2\/posts"}],"about":[{"href":"https:\/\/www.mancomunidaddetentudia.com\/portal\/wp-json\/wp\/v2\/types\/post"}],"author":[{"embeddable":true,"href":"https:\/\/www.mancomunidaddetentudia.com\/portal\/wp-json\/wp\/v2\/users\/23"}],"replies":[{"embeddable":true,"href":"https:\/\/www.mancomunidaddetentudia.com\/portal\/wp-json\/wp\/v2\/comments?post=12479"}],"version-history":[{"count":1,"href":"https:\/\/www.mancomunidaddetentudia.com\/portal\/wp-json\/wp\/v2\/posts\/12479\/revisions"}],"predecessor-version":[{"id":12480,"href":"https:\/\/www.mancomunidaddetentudia.com\/portal\/wp-json\/wp\/v2\/posts\/12479\/revisions\/12480"}],"wp:featuredmedia":[{"embeddable":true,"href":"https:\/\/www.mancomunidaddetentudia.com\/portal\/wp-json\/wp\/v2\/media\/12220"}],"wp:attachment":[{"href":"https:\/\/www.mancomunidaddetentudia.com\/portal\/wp-json\/wp\/v2\/media?parent=12479"}],"wp:term":[{"taxonomy":"category","embeddable":true,"href":"https:\/\/www.mancomunidaddetentudia.com\/portal\/wp-json\/wp\/v2\/categories?post=12479"},{"taxonomy":"post_tag","embeddable":true,"href":"https:\/\/www.mancomunidaddetentudia.com\/portal\/wp-json\/wp\/v2\/tags?post=12479"}],"curies":[{"name":"wp","href":"https:\/\/api.w.org\/{rel}","templated":true}]}}