{"id":12482,"date":"2023-07-31T18:30:58","date_gmt":"2023-07-31T17:30:58","guid":{"rendered":"http:\/\/www.mancomunidaddetentudia.com\/portal\/?p=12482"},"modified":"2023-07-31T18:31:01","modified_gmt":"2023-07-31T17:31:01","slug":"i-concurso-de-fotos-y-videos-de-la-muestra-gastrostar","status":"publish","type":"post","link":"https:\/\/www.mancomunidaddetentudia.com\/portal\/i-concurso-de-fotos-y-videos-de-la-muestra-gastrostar\/","title":{"rendered":"I CONCURSO DE FOTOS Y VIDEOS DE LA \u00abMUESTRA GASTROSTAR\u00bb"},"content":{"rendered":"\n<p>Reunido el jurado calificador del primer Concurso de fotos y videos de la \u00abMuestra Gastrostar\u00bb, que se ha realizado entre los asistentes a la quinta edici\u00f3n de la muestra, y siguiendo las normas establecidas en las bases correspondientes, se ha declarado desierto el concurso de videos al no contar con suficientes obras presentadas que permitan realizar la selecci\u00f3n de finalistas.<\/p>\n\n\n\n<p>En cuanto a las fotograf\u00edas presentadas a concurso, os presentamos las 3 finalistas seleccionadas por el jurado:<\/p>\n\n\n\n<figure class=\"wp-block-image size-large\"><img loading=\"lazy\" decoding=\"async\" width=\"684\" height=\"1024\" src=\"https:\/\/www.mancomunidaddetentudia.com\/portal\/wp-content\/uploads\/2023\/07\/ACL-1-684x1024.jpeg\" alt=\"\" class=\"wp-image-12483\" srcset=\"https:\/\/www.mancomunidaddetentudia.com\/portal\/wp-content\/uploads\/2023\/07\/ACL-1-684x1024.jpeg 684w, https:\/\/www.mancomunidaddetentudia.com\/portal\/wp-content\/uploads\/2023\/07\/ACL-1-200x300.jpeg 200w, https:\/\/www.mancomunidaddetentudia.com\/portal\/wp-content\/uploads\/2023\/07\/ACL-1-768x1149.jpeg 768w, https:\/\/www.mancomunidaddetentudia.com\/portal\/wp-content\/uploads\/2023\/07\/ACL-1-1026x1536.jpeg 1026w, https:\/\/www.mancomunidaddetentudia.com\/portal\/wp-content\/uploads\/2023\/07\/ACL-1-696x1042.jpeg 696w, https:\/\/www.mancomunidaddetentudia.com\/portal\/wp-content\/uploads\/2023\/07\/ACL-1-281x420.jpeg 281w, https:\/\/www.mancomunidaddetentudia.com\/portal\/wp-content\/uploads\/2023\/07\/ACL-1.jpeg 1069w\" sizes=\"auto, (max-width: 684px) 100vw, 684px\" \/><figcaption>FINALISTA. Autor\/a: ACL<\/figcaption><\/figure>\n\n\n\n<figure class=\"wp-block-image size-large\"><img loading=\"lazy\" decoding=\"async\" width=\"543\" height=\"1024\" src=\"https:\/\/www.mancomunidaddetentudia.com\/portal\/wp-content\/uploads\/2023\/07\/VAG-1-543x1024.jpg\" alt=\"\" class=\"wp-image-12484\" srcset=\"https:\/\/www.mancomunidaddetentudia.com\/portal\/wp-content\/uploads\/2023\/07\/VAG-1-543x1024.jpg 543w, https:\/\/www.mancomunidaddetentudia.com\/portal\/wp-content\/uploads\/2023\/07\/VAG-1-159x300.jpg 159w, https:\/\/www.mancomunidaddetentudia.com\/portal\/wp-content\/uploads\/2023\/07\/VAG-1-768x1449.jpg 768w, https:\/\/www.mancomunidaddetentudia.com\/portal\/wp-content\/uploads\/2023\/07\/VAG-1-814x1536.jpg 814w, https:\/\/www.mancomunidaddetentudia.com\/portal\/wp-content\/uploads\/2023\/07\/VAG-1-1085x2048.jpg 1085w, https:\/\/www.mancomunidaddetentudia.com\/portal\/wp-content\/uploads\/2023\/07\/VAG-1-696x1313.jpg 696w, https:\/\/www.mancomunidaddetentudia.com\/portal\/wp-content\/uploads\/2023\/07\/VAG-1-1068x2015.jpg 1068w, https:\/\/www.mancomunidaddetentudia.com\/portal\/wp-content\/uploads\/2023\/07\/VAG-1-223x420.jpg 223w, https:\/\/www.mancomunidaddetentudia.com\/portal\/wp-content\/uploads\/2023\/07\/VAG-1-scaled.jpg 1357w\" sizes=\"auto, (max-width: 543px) 100vw, 543px\" \/><figcaption>FINALISTA. Autor\/a: VAG<\/figcaption><\/figure>\n\n\n\n<figure class=\"wp-block-image size-large\"><img loading=\"lazy\" decoding=\"async\" width=\"685\" height=\"1024\" src=\"https:\/\/www.mancomunidaddetentudia.com\/portal\/wp-content\/uploads\/2023\/07\/VGP-2-685x1024.jpg\" alt=\"\" class=\"wp-image-12485\" srcset=\"https:\/\/www.mancomunidaddetentudia.com\/portal\/wp-content\/uploads\/2023\/07\/VGP-2-685x1024.jpg 685w, https:\/\/www.mancomunidaddetentudia.com\/portal\/wp-content\/uploads\/2023\/07\/VGP-2-201x300.jpg 201w, https:\/\/www.mancomunidaddetentudia.com\/portal\/wp-content\/uploads\/2023\/07\/VGP-2-768x1149.jpg 768w, https:\/\/www.mancomunidaddetentudia.com\/portal\/wp-content\/uploads\/2023\/07\/VGP-2-1027x1536.jpg 1027w, https:\/\/www.mancomunidaddetentudia.com\/portal\/wp-content\/uploads\/2023\/07\/VGP-2-1369x2048.jpg 1369w, https:\/\/www.mancomunidaddetentudia.com\/portal\/wp-content\/uploads\/2023\/07\/VGP-2-696x1041.jpg 696w, https:\/\/www.mancomunidaddetentudia.com\/portal\/wp-content\/uploads\/2023\/07\/VGP-2-1068x1597.jpg 1068w, https:\/\/www.mancomunidaddetentudia.com\/portal\/wp-content\/uploads\/2023\/07\/VGP-2-281x420.jpg 281w, https:\/\/www.mancomunidaddetentudia.com\/portal\/wp-content\/uploads\/2023\/07\/VGP-2-scaled.jpg 1712w\" sizes=\"auto, (max-width: 685px) 100vw, 685px\" \/><figcaption>GANADORA. Autor\/a: VGP<\/figcaption><\/figure>\n\n\n\n<p>Finalmente, el jurado ha declarado como fotograf\u00eda ganadora la obra presentada a concurso por VGP. Enhorabuena!<\/p>\n\n\n\n<p>La organizaci\u00f3n contactar\u00e1 con el ganador para hacerle llegar su premio, un lote de productos ib\u00e9ricos de Tentud\u00eda valorado en 100\u20ac. Esperemos que lo disfrute.<\/p>\n\n\n\n<p>GRACIAS a todos los participantes y os esperamos en la pr\u00f3xima edici\u00f3n de la Muestra Gastrostar. <\/p>\n","protected":false},"excerpt":{"rendered":"<p>Reunido el jurado calificador del primer Concurso de fotos y videos de la \u00abMuestra Gastrostar\u00bb, que se ha realizado entre los asistentes a la quinta edici\u00f3n de la muestra, y siguiendo las normas establecidas en las bases correspondientes, se ha declarado desierto el concurso de videos al no contar con suficientes obras presentadas que permitan [&hellip;]<\/p>\n","protected":false},"author":23,"featured_media":12485,"comment_status":"open","ping_status":"open","sticky":false,"template":"","format":"standard","meta":{"footnotes":""},"categories":[27,53,37,68,23,24],"tags":[],"class_list":{"0":"post-12482","1":"post","2":"type-post","3":"status-publish","4":"format-standard","5":"has-post-thumbnail","7":"category-actualidad","8":"category-citas-y-eventos","9":"category-destacados","10":"category-mancomunidad","11":"category-notas-de-prensa","12":"category-tablon-de-anuncios"},"_links":{"self":[{"href":"https:\/\/www.mancomunidaddetentudia.com\/portal\/wp-json\/wp\/v2\/posts\/12482","targetHints":{"allow":["GET"]}}],"collection":[{"href":"https:\/\/www.mancomunidaddetentudia.com\/portal\/wp-json\/wp\/v2\/posts"}],"about":[{"href":"https:\/\/www.mancomunidaddetentudia.com\/portal\/wp-json\/wp\/v2\/types\/post"}],"author":[{"embeddable":true,"href":"https:\/\/www.mancomunidaddetentudia.com\/portal\/wp-json\/wp\/v2\/users\/23"}],"replies":[{"embeddable":true,"href":"https:\/\/www.mancomunidaddetentudia.com\/portal\/wp-json\/wp\/v2\/comments?post=12482"}],"version-history":[{"count":1,"href":"https:\/\/www.mancomunidaddetentudia.com\/portal\/wp-json\/wp\/v2\/posts\/12482\/revisions"}],"predecessor-version":[{"id":12486,"href":"https:\/\/www.mancomunidaddetentudia.com\/portal\/wp-json\/wp\/v2\/posts\/12482\/revisions\/12486"}],"wp:featuredmedia":[{"embeddable":true,"href":"https:\/\/www.mancomunidaddetentudia.com\/portal\/wp-json\/wp\/v2\/media\/12485"}],"wp:attachment":[{"href":"https:\/\/www.mancomunidaddetentudia.com\/portal\/wp-json\/wp\/v2\/media?parent=12482"}],"wp:term":[{"taxonomy":"category","embeddable":true,"href":"https:\/\/www.mancomunidaddetentudia.com\/portal\/wp-json\/wp\/v2\/categories?post=12482"},{"taxonomy":"post_tag","embeddable":true,"href":"https:\/\/www.mancomunidaddetentudia.com\/portal\/wp-json\/wp\/v2\/tags?post=12482"}],"curies":[{"name":"wp","href":"https:\/\/api.w.org\/{rel}","templated":true}]}}