{"id":12492,"date":"2023-09-06T10:20:46","date_gmt":"2023-09-06T09:20:46","guid":{"rendered":"http:\/\/www.mancomunidaddetentudia.com\/portal\/?p=12492"},"modified":"2023-09-06T10:20:49","modified_gmt":"2023-09-06T09:20:49","slug":"nota-informativa-plan-emergencia-por-sequia-en-la-mancomunidad-de-tentudia-2","status":"publish","type":"post","link":"https:\/\/www.mancomunidaddetentudia.com\/portal\/nota-informativa-plan-emergencia-por-sequia-en-la-mancomunidad-de-tentudia-2\/","title":{"rendered":"NOTA INFORMATIVA PLAN EMERGENCIA POR SEQU\u00cdA EN LA MANCOMUNIDAD DE TENTUD\u00cdA"},"content":{"rendered":"\n<p>El d\u00eda 4 de septiembre, la nueva Corporaci\u00f3n de la Mancomunidad de Tentud\u00eda, mantuvo una reuni\u00f3n de trabajo para seguir recabando todos los datos sobre el nivel del pantano, as\u00ed como de las lecturas realizadas en los diferentes pueblos por parte de los t\u00e9cnicos, de cara a la toma inminente de decisiones que lleven a garantizar, durante el mayor tiempo posible, el abastecimiento de agua potable a la poblaci\u00f3n.<\/p>\n\n\n\n<p>En dicha reuni\u00f3n, se puso de manifiesto la eficacia en la gesti\u00f3n del agua disponible en el embalse, que con la aportaci\u00f3n de los pozos que se dispone en distintos puntos de la Comarca, tanto los que ya existen en los<br>municipios como los incorporados por las obras de emergencia, como el efecto de la concienciaci\u00f3n en el ahorro del agua, se est\u00e1 consiguiendo contener y alargar los pocos recursos disponibles.<\/p>\n\n\n\n<p>Todos los responsables pol\u00edticos son conscientes de la situaci\u00f3n cr\u00edtica en la que nos encontramos. Esta urgencia va a obligar a tomar medidas dr\u00e1sticas en un corto periodo de tiempo en todos los municipios e ir\u00e1n encaminadas a la ejecuci\u00f3n de cortes nocturnos en todas las poblaciones, sobre las que ya se han realizado pruebas pilotos y cuyos datos de ahorro vendr\u00edan a sumarse al resto de actuaciones que deban llevarse a cabo.<\/p>\n\n\n\n<p>En la reuni\u00f3n, se ha seguido incidiendo en el esfuerzo realizado por los ciudadanos, m\u00e1xime cuando en este periodo estival se ha visto duplicada la poblaci\u00f3n en pr\u00e1cticamente todos los municipios. A pesar de ese compromiso ciudadano, llegamos a una situaci\u00f3n impredecible, debido principalmente a que el embalse depende del agua de las lluvias, y de no producirse, en los pr\u00f3ximos meses dependeremos del rendimiento<br>de los pozos, puesto que la aportaci\u00f3n del embalse ir\u00e1 siendo cada vez m\u00e1s dificultosa por su bajo nivel.<\/p>\n\n\n\n<p>Todas estas actuaciones ir\u00e1n encaminadas a conservar el agua almacenada en la presa, actualmente al 0,45hm3 de capacidad (9,6%), a la explotaci\u00f3n gradual de los pozos, y a seguir pidiendo a la poblaci\u00f3n la m\u00e1xima comprensi\u00f3n en el uso racional del agua y no hacer un abuso de la misma en su acumulaci\u00f3n, principalmente cuando se produzcan los cortes nocturnos y de cualquiera otra medida que se apruebe en una pr\u00f3xima Asamblea de la Mancomunidad de Tentud\u00eda.<\/p>\n","protected":false},"excerpt":{"rendered":"<p>El d\u00eda 4 de septiembre, la nueva Corporaci\u00f3n de la Mancomunidad de Tentud\u00eda, mantuvo una reuni\u00f3n de trabajo para seguir recabando todos los datos sobre el nivel del pantano, as\u00ed como de las lecturas realizadas en los diferentes pueblos por parte de los t\u00e9cnicos, de cara a la toma inminente de decisiones que lleven a [&hellip;]<\/p>\n","protected":false},"author":23,"featured_media":12453,"comment_status":"open","ping_status":"open","sticky":false,"template":"","format":"standard","meta":{"footnotes":""},"categories":[42,27,37,68,23,24],"tags":[],"class_list":{"0":"post-12492","1":"post","2":"type-post","3":"status-publish","4":"format-standard","5":"has-post-thumbnail","7":"category-abastecimiento-de-aguas","8":"category-actualidad","9":"category-destacados","10":"category-mancomunidad","11":"category-notas-de-prensa","12":"category-tablon-de-anuncios"},"_links":{"self":[{"href":"https:\/\/www.mancomunidaddetentudia.com\/portal\/wp-json\/wp\/v2\/posts\/12492","targetHints":{"allow":["GET"]}}],"collection":[{"href":"https:\/\/www.mancomunidaddetentudia.com\/portal\/wp-json\/wp\/v2\/posts"}],"about":[{"href":"https:\/\/www.mancomunidaddetentudia.com\/portal\/wp-json\/wp\/v2\/types\/post"}],"author":[{"embeddable":true,"href":"https:\/\/www.mancomunidaddetentudia.com\/portal\/wp-json\/wp\/v2\/users\/23"}],"replies":[{"embeddable":true,"href":"https:\/\/www.mancomunidaddetentudia.com\/portal\/wp-json\/wp\/v2\/comments?post=12492"}],"version-history":[{"count":1,"href":"https:\/\/www.mancomunidaddetentudia.com\/portal\/wp-json\/wp\/v2\/posts\/12492\/revisions"}],"predecessor-version":[{"id":12493,"href":"https:\/\/www.mancomunidaddetentudia.com\/portal\/wp-json\/wp\/v2\/posts\/12492\/revisions\/12493"}],"wp:featuredmedia":[{"embeddable":true,"href":"https:\/\/www.mancomunidaddetentudia.com\/portal\/wp-json\/wp\/v2\/media\/12453"}],"wp:attachment":[{"href":"https:\/\/www.mancomunidaddetentudia.com\/portal\/wp-json\/wp\/v2\/media?parent=12492"}],"wp:term":[{"taxonomy":"category","embeddable":true,"href":"https:\/\/www.mancomunidaddetentudia.com\/portal\/wp-json\/wp\/v2\/categories?post=12492"},{"taxonomy":"post_tag","embeddable":true,"href":"https:\/\/www.mancomunidaddetentudia.com\/portal\/wp-json\/wp\/v2\/tags?post=12492"}],"curies":[{"name":"wp","href":"https:\/\/api.w.org\/{rel}","templated":true}]}}