{"id":12502,"date":"2023-09-12T11:18:40","date_gmt":"2023-09-12T10:18:40","guid":{"rendered":"http:\/\/www.mancomunidaddetentudia.com\/portal\/?p=12502"},"modified":"2023-09-12T11:18:44","modified_gmt":"2023-09-12T10:18:44","slug":"5o-concurso-de-dibujo-y-para-ti-que-es-el-consumo-responsable","status":"publish","type":"post","link":"https:\/\/www.mancomunidaddetentudia.com\/portal\/5o-concurso-de-dibujo-y-para-ti-que-es-el-consumo-responsable\/","title":{"rendered":"5\u00ba CONCURSO DE DIBUJO \u00abY PARA TI&#8230;\u00bfQU\u00c9 ES EL CONSUMO RESPONSABLE?\u00bb"},"content":{"rendered":"\n<p>El Consorcio Extreme\u00f1o de Informaci\u00f3n al Consumidor convoca la 5\u00aa edici\u00f3n del concurso de dibujo infantil y juvenil bajo el lema \u201cY para ti\u2026 \u00bfQu\u00e9 es el Consumo Responsable?\u201d con el fin de involucrar a los ni\u00f1os y j\u00f3venes extreme\u00f1os en el papel que juega el consumo en su desarrollo personal y colectivo, impulsando contextos que favorezcan estilos de vida sostenibles. Todo ello atendiendo a los objetivos de la nueva agenda del consumidor para 2030.<\/p>\n\n\n\n<figure class=\"wp-block-embed-wordpress wp-block-embed is-type-wp-embed is-provider-masamano\"><div class=\"wp-block-embed__wrapper\">\n<blockquote class=\"wp-embedded-content\" data-secret=\"ORT2bFGKoN\"><a href=\"https:\/\/saludextremadura.ses.es\/masamano\/2023\/09\/06\/y-para-ti-que-es-el-consumo-responsable\/\">Y para ti\u2026 \u00bfQu\u00e9 es el Consumo Responsable?<\/a><\/blockquote><iframe loading=\"lazy\" class=\"wp-embedded-content\" sandbox=\"allow-scripts\" security=\"restricted\" style=\"position: absolute; clip: rect(1px, 1px, 1px, 1px);\" title=\"&#171;Y para ti\u2026 \u00bfQu\u00e9 es el Consumo Responsable?&#187; &#8212; masamano\" src=\"https:\/\/saludextremadura.ses.es\/masamano\/2023\/09\/06\/y-para-ti-que-es-el-consumo-responsable\/embed\/#?secret=ORT2bFGKoN\" data-secret=\"ORT2bFGKoN\" width=\"600\" height=\"338\" frameborder=\"0\" marginwidth=\"0\" marginheight=\"0\" scrolling=\"no\"><\/iframe>\n<\/div><\/figure>\n\n\n\n<p>Accede a las bases del concurso en el siguiente enlace: <\/p>\n\n\n\n<div class=\"wp-block-file\"><a href=\"https:\/\/www.mancomunidaddetentudia.com\/portal\/wp-content\/uploads\/2023\/09\/Bases-5\u00ba-CONCURSO-DIBUJOS.pdf\">Bases-5\u00ba-CONCURSO-DIBUJOS<\/a><a href=\"https:\/\/www.mancomunidaddetentudia.com\/portal\/wp-content\/uploads\/2023\/09\/Bases-5\u00ba-CONCURSO-DIBUJOS.pdf\" class=\"wp-block-file__button\" download>Descarga<\/a><\/div>\n","protected":false},"excerpt":{"rendered":"<p>El Consorcio Extreme\u00f1o de Informaci\u00f3n al Consumidor convoca la 5\u00aa edici\u00f3n del concurso de dibujo infantil y juvenil bajo el lema \u201cY para ti\u2026 \u00bfQu\u00e9 es el Consumo Responsable?\u201d con el fin de involucrar a los ni\u00f1os y j\u00f3venes extreme\u00f1os en el papel que juega el consumo en su desarrollo personal y colectivo, impulsando contextos [&hellip;]<\/p>\n","protected":false},"author":23,"featured_media":12504,"comment_status":"open","ping_status":"open","sticky":false,"template":"","format":"standard","meta":{"footnotes":""},"categories":[27,255,37,23,24],"tags":[],"class_list":{"0":"post-12502","1":"post","2":"type-post","3":"status-publish","4":"format-standard","5":"has-post-thumbnail","7":"category-actualidad","8":"category-consumo","9":"category-destacados","10":"category-notas-de-prensa","11":"category-tablon-de-anuncios"},"_links":{"self":[{"href":"https:\/\/www.mancomunidaddetentudia.com\/portal\/wp-json\/wp\/v2\/posts\/12502","targetHints":{"allow":["GET"]}}],"collection":[{"href":"https:\/\/www.mancomunidaddetentudia.com\/portal\/wp-json\/wp\/v2\/posts"}],"about":[{"href":"https:\/\/www.mancomunidaddetentudia.com\/portal\/wp-json\/wp\/v2\/types\/post"}],"author":[{"embeddable":true,"href":"https:\/\/www.mancomunidaddetentudia.com\/portal\/wp-json\/wp\/v2\/users\/23"}],"replies":[{"embeddable":true,"href":"https:\/\/www.mancomunidaddetentudia.com\/portal\/wp-json\/wp\/v2\/comments?post=12502"}],"version-history":[{"count":1,"href":"https:\/\/www.mancomunidaddetentudia.com\/portal\/wp-json\/wp\/v2\/posts\/12502\/revisions"}],"predecessor-version":[{"id":12505,"href":"https:\/\/www.mancomunidaddetentudia.com\/portal\/wp-json\/wp\/v2\/posts\/12502\/revisions\/12505"}],"wp:featuredmedia":[{"embeddable":true,"href":"https:\/\/www.mancomunidaddetentudia.com\/portal\/wp-json\/wp\/v2\/media\/12504"}],"wp:attachment":[{"href":"https:\/\/www.mancomunidaddetentudia.com\/portal\/wp-json\/wp\/v2\/media?parent=12502"}],"wp:term":[{"taxonomy":"category","embeddable":true,"href":"https:\/\/www.mancomunidaddetentudia.com\/portal\/wp-json\/wp\/v2\/categories?post=12502"},{"taxonomy":"post_tag","embeddable":true,"href":"https:\/\/www.mancomunidaddetentudia.com\/portal\/wp-json\/wp\/v2\/tags?post=12502"}],"curies":[{"name":"wp","href":"https:\/\/api.w.org\/{rel}","templated":true}]}}