{"id":12604,"date":"2023-11-08T14:36:12","date_gmt":"2023-11-08T13:36:12","guid":{"rendered":"https:\/\/www.mancomunidaddetentudia.com\/portal\/?p=12604"},"modified":"2023-11-08T14:36:12","modified_gmt":"2023-11-08T13:36:12","slug":"%f0%9d%91%ab%f0%9d%91%b0%f0%9d%91%a8-%f0%9d%91%b4%f0%9d%91%bc%f0%9d%91%b5%f0%9d%91%ab%f0%9d%91%b0%f0%9d%91%a8%f0%9d%91%b3-%f0%9d%91%ab%f0%9d%91%ac%f0%9d%91%b3-%f0%9d%91%bc%f0%9d%91%b9","status":"publish","type":"post","link":"https:\/\/www.mancomunidaddetentudia.com\/portal\/%f0%9d%91%ab%f0%9d%91%b0%f0%9d%91%a8-%f0%9d%91%b4%f0%9d%91%bc%f0%9d%91%b5%f0%9d%91%ab%f0%9d%91%b0%f0%9d%91%a8%f0%9d%91%b3-%f0%9d%91%ab%f0%9d%91%ac%f0%9d%91%b3-%f0%9d%91%bc%f0%9d%91%b9\/","title":{"rendered":"\ud835\udc6b\ud835\udc70\u0301\ud835\udc68 \ud835\udc74\ud835\udc7c\ud835\udc75\ud835\udc6b\ud835\udc70\ud835\udc68\ud835\udc73 \ud835\udc6b\ud835\udc6c\ud835\udc73 \ud835\udc7c\ud835\udc79\ud835\udc69\ud835\udc68\ud835\udc75\ud835\udc70\ud835\udc7a\ud835\udc74\ud835\udc76"},"content":{"rendered":"\n<p>En el a\u00f1o 1949 naci\u00f3 el \ud835\udc37\ud835\udc56\u0301\ud835\udc4e \ud835\udc40\ud835\udc62\ud835\udc5b\ud835\udc51\ud835\udc56\ud835\udc4e\ud835\udc59 \ud835\udc51\ud835\udc52\ud835\udc59 \ud835\udc48\ud835\udc5f\ud835\udc4f\ud835\udc4e\ud835\udc5b\ud835\udc56\ud835\udc60\ud835\udc5a\ud835\udc5c, con el objetivo de concienciar a las personas, pero sobre todo a los grupos de trabajo de planificaci\u00f3n urbana, sobre la necesidad de generar ambientes sanos con espacios verdes, para evitar el hacinamiento de la poblaci\u00f3n, la contaminaci\u00f3n y asegurar la terminaci\u00f3n de dichas obras.<\/p>\n\n\n\n<p>Es un d\u00eda donde se reconoce y promueve el papel de la planificaci\u00f3n en la <a><\/a>creaci\u00f3n y manejo de comunidades urbanas sostenibles con el marco del ordenamiento regional al que pertenecen.<\/p>\n\n\n\n<p>El urbanismo es el responsable de planificar dise\u00f1os y servicios que mejoren la calidad de vida de los habitantes.<\/p>\n\n\n\n<p>\ud835\udc76\ud835\udc83\ud835\udc8b\ud835\udc86\ud835\udc95\ud835\udc8a\ud835\udc97\ud835\udc90 11 \ud835\udc85\ud835\udc86 \ud835\udc8d\ud835\udc82 \ud835\udc68\ud835\udc88\ud835\udc86\ud835\udc8f\ud835\udc85\ud835\udc82 2030 \ud835\udc85\ud835\udc86 \ud835\udc76\ud835\udc75\ud835\udc7c<\/p>\n\n\n\n<p>Las ciudades y comunidades sostenibles son uno de los objetivos a alcanzar por la Organizaci\u00f3n de las Naciones Unidas, para el a\u00f1o 2030.<\/p>\n\n\n\n<p>Este objetivo no solo busca mejorar las condiciones de vida de aquellas personas que viven en zonas marginales, tambi\u00e9n garantizar un equilibrio entre la vida moderna y el medio ambiente.<\/p>\n\n\n\n<p>Desde la \ud835\udc76\ud835\udc87\ud835\udc8a\ud835\udc84\ud835\udc8a\ud835\udc8f\ud835\udc82 \ud835\udc7b\ud835\udc86\u0301\ud835\udc84\ud835\udc8f\ud835\udc8a\ud835\udc84\ud835\udc82 \ud835\udc85\ud835\udc86 \ud835\udc7c\ud835\udc93\ud835\udc83\ud835\udc82\ud835\udc8f\ud835\udc8a\ud835\udc94\ud835\udc8e\ud835\udc90 \ud835\udc9a \ud835\udc6b\ud835\udc86\ud835\udc94\ud835\udc82\ud835\udc93\ud835\udc93\ud835\udc90\ud835\udc8d\ud835\udc8d\ud835\udc90 \ud835\udc7b\ud835\udc86\ud835\udc93\ud835\udc93\ud835\udc8a\ud835\udc95\ud835\udc90\ud835\udc93\ud835\udc8a\ud835\udc82\ud835\udc8d \ud835\udc7a\ud835\udc90\ud835\udc94\ud835\udc95\ud835\udc86\ud835\udc8f\ud835\udc8a\ud835\udc83\ud835\udc8d\ud835\udc86 de la Mancomunidad de Tentud\u00eda nos unimos a esta conmemoraci\u00f3n y continuaremos trabajando en mejorar la calidad de vida de nuestros municipios.<\/p>\n","protected":false},"excerpt":{"rendered":"<p>En el a\u00f1o 1949 naci\u00f3 el \ud835\udc37\ud835\udc56\u0301\ud835\udc4e \ud835\udc40\ud835\udc62\ud835\udc5b\ud835\udc51\ud835\udc56\ud835\udc4e\ud835\udc59 \ud835\udc51\ud835\udc52\ud835\udc59 \ud835\udc48\ud835\udc5f\ud835\udc4f\ud835\udc4e\ud835\udc5b\ud835\udc56\ud835\udc60\ud835\udc5a\ud835\udc5c, con el objetivo de concienciar a las personas, pero sobre todo a los grupos de trabajo de planificaci\u00f3n urbana, sobre la necesidad de generar ambientes sanos con espacios verdes, para evitar el hacinamiento de la poblaci\u00f3n, la contaminaci\u00f3n y asegurar la terminaci\u00f3n de dichas obras. [&hellip;]<\/p>\n","protected":false},"author":23,"featured_media":12605,"comment_status":"closed","ping_status":"closed","sticky":false,"template":"","format":"standard","meta":{"footnotes":""},"categories":[27,68,219,24],"tags":[],"class_list":{"0":"post-12604","1":"post","2":"type-post","3":"status-publish","4":"format-standard","5":"has-post-thumbnail","7":"category-actualidad","8":"category-mancomunidad","9":"category-oficina-de-gestion-urbanistica","10":"category-tablon-de-anuncios"},"_links":{"self":[{"href":"https:\/\/www.mancomunidaddetentudia.com\/portal\/wp-json\/wp\/v2\/posts\/12604","targetHints":{"allow":["GET"]}}],"collection":[{"href":"https:\/\/www.mancomunidaddetentudia.com\/portal\/wp-json\/wp\/v2\/posts"}],"about":[{"href":"https:\/\/www.mancomunidaddetentudia.com\/portal\/wp-json\/wp\/v2\/types\/post"}],"author":[{"embeddable":true,"href":"https:\/\/www.mancomunidaddetentudia.com\/portal\/wp-json\/wp\/v2\/users\/23"}],"replies":[{"embeddable":true,"href":"https:\/\/www.mancomunidaddetentudia.com\/portal\/wp-json\/wp\/v2\/comments?post=12604"}],"version-history":[{"count":1,"href":"https:\/\/www.mancomunidaddetentudia.com\/portal\/wp-json\/wp\/v2\/posts\/12604\/revisions"}],"predecessor-version":[{"id":12606,"href":"https:\/\/www.mancomunidaddetentudia.com\/portal\/wp-json\/wp\/v2\/posts\/12604\/revisions\/12606"}],"wp:featuredmedia":[{"embeddable":true,"href":"https:\/\/www.mancomunidaddetentudia.com\/portal\/wp-json\/wp\/v2\/media\/12605"}],"wp:attachment":[{"href":"https:\/\/www.mancomunidaddetentudia.com\/portal\/wp-json\/wp\/v2\/media?parent=12604"}],"wp:term":[{"taxonomy":"category","embeddable":true,"href":"https:\/\/www.mancomunidaddetentudia.com\/portal\/wp-json\/wp\/v2\/categories?post=12604"},{"taxonomy":"post_tag","embeddable":true,"href":"https:\/\/www.mancomunidaddetentudia.com\/portal\/wp-json\/wp\/v2\/tags?post=12604"}],"curies":[{"name":"wp","href":"https:\/\/api.w.org\/{rel}","templated":true}]}}