{"id":12624,"date":"2023-12-15T09:04:36","date_gmt":"2023-12-15T08:04:36","guid":{"rendered":"https:\/\/www.mancomunidaddetentudia.com\/portal\/?p=12624"},"modified":"2023-12-18T10:22:47","modified_gmt":"2023-12-18T09:22:47","slug":"celebrada-la-i-jornada-de-fortalecimiento-institucional-en-torno-al-puerta-a-puerta","status":"publish","type":"post","link":"https:\/\/www.mancomunidaddetentudia.com\/portal\/celebrada-la-i-jornada-de-fortalecimiento-institucional-en-torno-al-puerta-a-puerta\/","title":{"rendered":"CELEBRADA LA I JORNADA DE FORTALECIMIENTO INSTITUCIONAL EN TORNO AL PUERTA A PUERTA"},"content":{"rendered":"\n<p>La Mancomunidad de Tentud\u00eda lleva realizando el servicio de recogida<br>de residuos s\u00f3lidos urbanos desde el a\u00f1o 1.996 por el sistema de<br>recogida tradicional de carga trasera mediante contenedores<br>instalados en la v\u00eda p\u00fablica de todos los municipios integrantes en la<br>misma.<\/p>\n\n\n\n<p>A consecuencia del gran cambio clim\u00e1tico y contaminaci\u00f3n por la que<br>nos vemos afectados en la actualidad, la Uni\u00f3n Europea ha establecido<br>una serie de leyes como la Directiva 2018\/851 y la Ley 7\/2022 del 8 de<br>abril de residuos y suelos contaminados para una econom\u00eda circular,<br>con el objetivo de alcanzar los \u00edndices de reciclaje marcados.<\/p>\n\n\n\n<p>En el d\u00eda de ayer se celebr\u00f3 una jornada t\u00e9cnica que pretend\u00eda poner en com\u00fan el conocimiento del<br>sistema de recogida de residuos s\u00f3lidos urbanos \u201cPuerta a Puerta\u201d que<br>se llevar\u00e1 a cabo en los municipios que componen la Mancomunidad<br>de Tentud\u00eda.<\/p>\n\n\n\n<p>Una vez inaugurada la jornada por Felicidad Hern\u00e1ndez, presidenta de la Mancomunidad de Tentud\u00eda, intervino el gerente, Jes\u00fas Aparicio, para explicar el proyecto Puerta a Puerta que se est\u00e1 llevando a cabo en la Mancomunidad. <\/p>\n\n\n\n<p>A continuaci\u00f3n, Nieves G\u00f3mez, Experta en Educaci\u00f3n Medioambiental, expon\u00eda la importancia de la comunicaci\u00f3n en este tipo de proyectos y el poder del mensaje, compartiendo con los asistentes las claves para trasladar de forma sencilla y directa la informaci\u00f3n a la poblaci\u00f3n.<\/p>\n\n\n\n<p>Finalmente, se celebr\u00f3 una mesa de di\u00e1logo para dar a conocer las claves institucionales en un proyecto mancomunado como es el Puerta a Puerta, tomando como referencia a la Mancomunidad de Municipios Sierra de C\u00e1diz, que ha implantado recientemente este sistema. En esa mesa participaron Carlos Javier Garc\u00eda, Presidente de la Mancomunidad Sierra de C\u00e1diz; Ana Isabel Medina y Javier Jim\u00e9nez, representantes de BASICA; Daniel P\u00e9rez, Alcalde de Puerto Serrano e Isabel Blanco, Teniente alcaldesa de Prado del Rey. <\/p>\n\n\n\n<p>La jornada se clausur\u00f3 a cargo de la presidenta, que agradec\u00eda a los invitados de la Sierra de C\u00e1diz su asistencia y participaci\u00f3n en una jornada que result\u00f3 muy productiva y motivadora para la Mancomunidad de Tentud\u00eda.<\/p>\n\n\n\n<figure class=\"wp-block-image size-large\"><img loading=\"lazy\" decoding=\"async\" width=\"1024\" height=\"768\" src=\"https:\/\/www.mancomunidaddetentudia.com\/portal\/wp-content\/uploads\/2023\/12\/20231214_112733-1024x768.jpg\" alt=\"\" class=\"wp-image-12625\" srcset=\"https:\/\/www.mancomunidaddetentudia.com\/portal\/wp-content\/uploads\/2023\/12\/20231214_112733-1024x768.jpg 1024w, https:\/\/www.mancomunidaddetentudia.com\/portal\/wp-content\/uploads\/2023\/12\/20231214_112733-300x225.jpg 300w, https:\/\/www.mancomunidaddetentudia.com\/portal\/wp-content\/uploads\/2023\/12\/20231214_112733-768x576.jpg 768w, https:\/\/www.mancomunidaddetentudia.com\/portal\/wp-content\/uploads\/2023\/12\/20231214_112733-1536x1152.jpg 1536w, https:\/\/www.mancomunidaddetentudia.com\/portal\/wp-content\/uploads\/2023\/12\/20231214_112733-2048x1536.jpg 2048w, https:\/\/www.mancomunidaddetentudia.com\/portal\/wp-content\/uploads\/2023\/12\/20231214_112733-80x60.jpg 80w, https:\/\/www.mancomunidaddetentudia.com\/portal\/wp-content\/uploads\/2023\/12\/20231214_112733-265x198.jpg 265w, https:\/\/www.mancomunidaddetentudia.com\/portal\/wp-content\/uploads\/2023\/12\/20231214_112733-696x522.jpg 696w, https:\/\/www.mancomunidaddetentudia.com\/portal\/wp-content\/uploads\/2023\/12\/20231214_112733-1068x801.jpg 1068w, https:\/\/www.mancomunidaddetentudia.com\/portal\/wp-content\/uploads\/2023\/12\/20231214_112733-560x420.jpg 560w\" sizes=\"auto, (max-width: 1024px) 100vw, 1024px\" \/><\/figure>\n\n\n\n<figure class=\"wp-block-image size-large\"><img loading=\"lazy\" decoding=\"async\" width=\"1024\" height=\"768\" src=\"https:\/\/www.mancomunidaddetentudia.com\/portal\/wp-content\/uploads\/2023\/12\/20231214_115828-1024x768.jpg\" alt=\"\" class=\"wp-image-12626\" srcset=\"https:\/\/www.mancomunidaddetentudia.com\/portal\/wp-content\/uploads\/2023\/12\/20231214_115828-1024x768.jpg 1024w, https:\/\/www.mancomunidaddetentudia.com\/portal\/wp-content\/uploads\/2023\/12\/20231214_115828-300x225.jpg 300w, https:\/\/www.mancomunidaddetentudia.com\/portal\/wp-content\/uploads\/2023\/12\/20231214_115828-768x576.jpg 768w, https:\/\/www.mancomunidaddetentudia.com\/portal\/wp-content\/uploads\/2023\/12\/20231214_115828-1536x1152.jpg 1536w, https:\/\/www.mancomunidaddetentudia.com\/portal\/wp-content\/uploads\/2023\/12\/20231214_115828-2048x1536.jpg 2048w, https:\/\/www.mancomunidaddetentudia.com\/portal\/wp-content\/uploads\/2023\/12\/20231214_115828-80x60.jpg 80w, https:\/\/www.mancomunidaddetentudia.com\/portal\/wp-content\/uploads\/2023\/12\/20231214_115828-265x198.jpg 265w, https:\/\/www.mancomunidaddetentudia.com\/portal\/wp-content\/uploads\/2023\/12\/20231214_115828-696x522.jpg 696w, https:\/\/www.mancomunidaddetentudia.com\/portal\/wp-content\/uploads\/2023\/12\/20231214_115828-1068x801.jpg 1068w, https:\/\/www.mancomunidaddetentudia.com\/portal\/wp-content\/uploads\/2023\/12\/20231214_115828-560x420.jpg 560w\" sizes=\"auto, (max-width: 1024px) 100vw, 1024px\" \/><\/figure>\n\n\n\n<figure class=\"wp-block-image size-large\"><img loading=\"lazy\" decoding=\"async\" width=\"1024\" height=\"768\" src=\"https:\/\/www.mancomunidaddetentudia.com\/portal\/wp-content\/uploads\/2023\/12\/WhatsApp-Image-2023-12-18-at-10.15.38-1024x768.jpeg\" alt=\"\" class=\"wp-image-12631\" srcset=\"https:\/\/www.mancomunidaddetentudia.com\/portal\/wp-content\/uploads\/2023\/12\/WhatsApp-Image-2023-12-18-at-10.15.38-1024x768.jpeg 1024w, https:\/\/www.mancomunidaddetentudia.com\/portal\/wp-content\/uploads\/2023\/12\/WhatsApp-Image-2023-12-18-at-10.15.38-300x225.jpeg 300w, https:\/\/www.mancomunidaddetentudia.com\/portal\/wp-content\/uploads\/2023\/12\/WhatsApp-Image-2023-12-18-at-10.15.38-768x576.jpeg 768w, https:\/\/www.mancomunidaddetentudia.com\/portal\/wp-content\/uploads\/2023\/12\/WhatsApp-Image-2023-12-18-at-10.15.38-1536x1152.jpeg 1536w, https:\/\/www.mancomunidaddetentudia.com\/portal\/wp-content\/uploads\/2023\/12\/WhatsApp-Image-2023-12-18-at-10.15.38-80x60.jpeg 80w, https:\/\/www.mancomunidaddetentudia.com\/portal\/wp-content\/uploads\/2023\/12\/WhatsApp-Image-2023-12-18-at-10.15.38-265x198.jpeg 265w, https:\/\/www.mancomunidaddetentudia.com\/portal\/wp-content\/uploads\/2023\/12\/WhatsApp-Image-2023-12-18-at-10.15.38-696x522.jpeg 696w, https:\/\/www.mancomunidaddetentudia.com\/portal\/wp-content\/uploads\/2023\/12\/WhatsApp-Image-2023-12-18-at-10.15.38-1068x801.jpeg 1068w, https:\/\/www.mancomunidaddetentudia.com\/portal\/wp-content\/uploads\/2023\/12\/WhatsApp-Image-2023-12-18-at-10.15.38-560x420.jpeg 560w, https:\/\/www.mancomunidaddetentudia.com\/portal\/wp-content\/uploads\/2023\/12\/WhatsApp-Image-2023-12-18-at-10.15.38.jpeg 2048w\" sizes=\"auto, (max-width: 1024px) 100vw, 1024px\" \/><\/figure>\n\n\n\n<figure class=\"wp-block-image size-large\"><img loading=\"lazy\" decoding=\"async\" width=\"1024\" height=\"768\" src=\"https:\/\/www.mancomunidaddetentudia.com\/portal\/wp-content\/uploads\/2023\/12\/20231214_121616-1024x768.jpg\" alt=\"\" class=\"wp-image-12632\" srcset=\"https:\/\/www.mancomunidaddetentudia.com\/portal\/wp-content\/uploads\/2023\/12\/20231214_121616-1024x768.jpg 1024w, https:\/\/www.mancomunidaddetentudia.com\/portal\/wp-content\/uploads\/2023\/12\/20231214_121616-300x225.jpg 300w, https:\/\/www.mancomunidaddetentudia.com\/portal\/wp-content\/uploads\/2023\/12\/20231214_121616-768x576.jpg 768w, https:\/\/www.mancomunidaddetentudia.com\/portal\/wp-content\/uploads\/2023\/12\/20231214_121616-1536x1152.jpg 1536w, https:\/\/www.mancomunidaddetentudia.com\/portal\/wp-content\/uploads\/2023\/12\/20231214_121616-2048x1536.jpg 2048w, https:\/\/www.mancomunidaddetentudia.com\/portal\/wp-content\/uploads\/2023\/12\/20231214_121616-80x60.jpg 80w, https:\/\/www.mancomunidaddetentudia.com\/portal\/wp-content\/uploads\/2023\/12\/20231214_121616-265x198.jpg 265w, https:\/\/www.mancomunidaddetentudia.com\/portal\/wp-content\/uploads\/2023\/12\/20231214_121616-696x522.jpg 696w, https:\/\/www.mancomunidaddetentudia.com\/portal\/wp-content\/uploads\/2023\/12\/20231214_121616-1068x801.jpg 1068w, https:\/\/www.mancomunidaddetentudia.com\/portal\/wp-content\/uploads\/2023\/12\/20231214_121616-560x420.jpg 560w\" sizes=\"auto, (max-width: 1024px) 100vw, 1024px\" \/><\/figure>\n","protected":false},"excerpt":{"rendered":"<p>La Mancomunidad de Tentud\u00eda lleva realizando el servicio de recogidade residuos s\u00f3lidos urbanos desde el a\u00f1o 1.996 por el sistema derecogida tradicional de carga trasera mediante contenedoresinstalados en la v\u00eda p\u00fablica de todos los municipios integrantes en lamisma. A consecuencia del gran cambio clim\u00e1tico y contaminaci\u00f3n por la quenos vemos afectados en la actualidad, la [&hellip;]<\/p>\n","protected":false},"author":23,"featured_media":12633,"comment_status":"closed","ping_status":"closed","sticky":false,"template":"","format":"standard","meta":{"footnotes":""},"categories":[27,37,68,23,272,270,24],"tags":[],"class_list":{"0":"post-12624","1":"post","2":"type-post","3":"status-publish","4":"format-standard","5":"has-post-thumbnail","7":"category-actualidad","8":"category-destacados","9":"category-mancomunidad","10":"category-notas-de-prensa","11":"category-puerta-a-puerta","12":"category-recogida-de-residuos","13":"category-tablon-de-anuncios"},"_links":{"self":[{"href":"https:\/\/www.mancomunidaddetentudia.com\/portal\/wp-json\/wp\/v2\/posts\/12624","targetHints":{"allow":["GET"]}}],"collection":[{"href":"https:\/\/www.mancomunidaddetentudia.com\/portal\/wp-json\/wp\/v2\/posts"}],"about":[{"href":"https:\/\/www.mancomunidaddetentudia.com\/portal\/wp-json\/wp\/v2\/types\/post"}],"author":[{"embeddable":true,"href":"https:\/\/www.mancomunidaddetentudia.com\/portal\/wp-json\/wp\/v2\/users\/23"}],"replies":[{"embeddable":true,"href":"https:\/\/www.mancomunidaddetentudia.com\/portal\/wp-json\/wp\/v2\/comments?post=12624"}],"version-history":[{"count":2,"href":"https:\/\/www.mancomunidaddetentudia.com\/portal\/wp-json\/wp\/v2\/posts\/12624\/revisions"}],"predecessor-version":[{"id":12634,"href":"https:\/\/www.mancomunidaddetentudia.com\/portal\/wp-json\/wp\/v2\/posts\/12624\/revisions\/12634"}],"wp:featuredmedia":[{"embeddable":true,"href":"https:\/\/www.mancomunidaddetentudia.com\/portal\/wp-json\/wp\/v2\/media\/12633"}],"wp:attachment":[{"href":"https:\/\/www.mancomunidaddetentudia.com\/portal\/wp-json\/wp\/v2\/media?parent=12624"}],"wp:term":[{"taxonomy":"category","embeddable":true,"href":"https:\/\/www.mancomunidaddetentudia.com\/portal\/wp-json\/wp\/v2\/categories?post=12624"},{"taxonomy":"post_tag","embeddable":true,"href":"https:\/\/www.mancomunidaddetentudia.com\/portal\/wp-json\/wp\/v2\/tags?post=12624"}],"curies":[{"name":"wp","href":"https:\/\/api.w.org\/{rel}","templated":true}]}}