{"id":12643,"date":"2024-01-15T11:43:50","date_gmt":"2024-01-15T10:43:50","guid":{"rendered":"https:\/\/www.mancomunidaddetentudia.com\/portal\/?p=12643"},"modified":"2024-01-15T11:43:50","modified_gmt":"2024-01-15T10:43:50","slug":"tentudia-presentara-en-fitur-las-bondades-de-un-turismo-sostenible-lento-y-sin-masas","status":"publish","type":"post","link":"https:\/\/www.mancomunidaddetentudia.com\/portal\/tentudia-presentara-en-fitur-las-bondades-de-un-turismo-sostenible-lento-y-sin-masas\/","title":{"rendered":"Tentud\u00eda presentar\u00e1 en FITUR las bondades de un turismo sostenible, lento y sin masas"},"content":{"rendered":"\n<p><strong>Un turismo distinto, original, sostenible, lento y sin masas. Tentud\u00eda se presentar\u00e1 en la Feria Internacional de Turismo, FITUR, como lugar de destino exclusivo<\/strong>, donde vivir una experiencia de desconexi\u00f3n a trav\u00e9s de los encantos de su entorno rural, su naturaleza, su patrimonio, su gastronom\u00eda y sus gentes.<\/p>\n\n\n\n<p>Felicidad Hern\u00e1ndez, presidenta de la mancomunidad de Tentud\u00eda, explica que para la ocasi\u00f3n, el territorio ha optado por transferir al visitante conceptos \u201cdistintos y muy necesarios\u201d, d\u00e1ndoles la oportunidad de descubrir lugares \u00fanicos.<strong>\u00a0\u201cEste es el mayor tesoro que tenemos los habitantes de Tentud\u00eda\u201d, expresa Felicidad, refiri\u00e9ndose a la \u201cvida tranquila\u201d, o\u00a0<\/strong><em><strong>\u2018slow life\u2019<\/strong><\/em><strong>,\u00a0<\/strong>concebido como un movimiento cultural, internacional, que promueve un estilo de vida desacelerado y enfocado al momento presente.<\/p>\n\n\n\n<p>\u201cCada vez est\u00e1 tomando mayor relevancia la importancia de la calidad de vida y nosotros, vamos a proponer lo mejor que tiene Tentud\u00eda\u201d, expresa la presidenta de la asociaci\u00f3n de municipios. A trav\u00e9s de diferentes medidas, la mancomunidad intentar\u00e1 exportar valores propios de esta comarca, hoy en d\u00eda casi imprescindibles,<strong>\u00a0dado \u201cnuestro acelerado ritmo de vida\u201d.\u00a0Se trata de una \u201cinvitaci\u00f3n al turismo sosegado, en familia o con los amigos, donde, desconectar y relajarse y darse tiempo para el descanso\u201d<\/strong>, a la vez que \u201cdisfrutar\u201d de todos los encantos que ofrecen los municipios de la comarca.<\/p>\n\n\n\n<p>El\u00a0<em>\u2018slow life\u2019,\u00a0<\/em>o vida lenta, prioriza aspectos como el descanso, la comunicaci\u00f3n, las relaciones personales o la alimentaci\u00f3n y todo ello, \u201cdisfrutando de todos los placeres que nos ofrece una comarca \u201chospitalaria, rica y diversa\u201d.\u00a0Y es que, seg\u00fan puntualiza Felicidad Hern\u00e1ndez, \u201cla interconexi\u00f3n de los habitantes de Tentud\u00eda con la naturaleza y a trav\u00e9s de ella, con todos sus recursos\u201d,\u00a0<strong>es una acci\u00f3n exportable hacia quienes desean \u201cotro tipo de turismo, para disfrutar del momento y de las personas\u201d.<\/strong>\u00a0Todo ello, sin olvidar los valores tradicionales de \u201clas propuestas gastron\u00f3micas de Tentud\u00eda, sus paisajes, sus fiestas o su patrimonio cultural\u201d. \u201cInvitamos a conocer y a visitar Tentud\u00eda con calma\u201d, expresa la presidenta.<\/p>\n\n\n\n<p>Durante estos d\u00edas previos a la presentaci\u00f3n del proyecto en la Feria Internacional de Turismo, la mancomunidad \u201ctrabaja\u201d en la elaboraci\u00f3n del producto con el que divulgar\u00e1 esta propuesta, que incluir\u00e1 un v\u00eddeo de promoci\u00f3n, como mejor \u201cinvitaci\u00f3n\u201d para vivir Tentud\u00eda de forma diferente, disfrutando de la vida, lejos del estr\u00e9s.<\/p>\n","protected":false},"excerpt":{"rendered":"<p>Un turismo distinto, original, sostenible, lento y sin masas. Tentud\u00eda se presentar\u00e1 en la Feria Internacional de Turismo, FITUR, como lugar de destino exclusivo, donde vivir una experiencia de desconexi\u00f3n a trav\u00e9s de los encantos de su entorno rural, su naturaleza, su patrimonio, su gastronom\u00eda y sus gentes. Felicidad Hern\u00e1ndez, presidenta de la mancomunidad de [&hellip;]<\/p>\n","protected":false},"author":23,"featured_media":12644,"comment_status":"closed","ping_status":"closed","sticky":false,"template":"","format":"standard","meta":{"footnotes":""},"categories":[27,37,68,23,24,273],"tags":[],"class_list":{"0":"post-12643","1":"post","2":"type-post","3":"status-publish","4":"format-standard","5":"has-post-thumbnail","7":"category-actualidad","8":"category-destacados","9":"category-mancomunidad","10":"category-notas-de-prensa","11":"category-tablon-de-anuncios","12":"category-turismo"},"_links":{"self":[{"href":"https:\/\/www.mancomunidaddetentudia.com\/portal\/wp-json\/wp\/v2\/posts\/12643","targetHints":{"allow":["GET"]}}],"collection":[{"href":"https:\/\/www.mancomunidaddetentudia.com\/portal\/wp-json\/wp\/v2\/posts"}],"about":[{"href":"https:\/\/www.mancomunidaddetentudia.com\/portal\/wp-json\/wp\/v2\/types\/post"}],"author":[{"embeddable":true,"href":"https:\/\/www.mancomunidaddetentudia.com\/portal\/wp-json\/wp\/v2\/users\/23"}],"replies":[{"embeddable":true,"href":"https:\/\/www.mancomunidaddetentudia.com\/portal\/wp-json\/wp\/v2\/comments?post=12643"}],"version-history":[{"count":1,"href":"https:\/\/www.mancomunidaddetentudia.com\/portal\/wp-json\/wp\/v2\/posts\/12643\/revisions"}],"predecessor-version":[{"id":12645,"href":"https:\/\/www.mancomunidaddetentudia.com\/portal\/wp-json\/wp\/v2\/posts\/12643\/revisions\/12645"}],"wp:featuredmedia":[{"embeddable":true,"href":"https:\/\/www.mancomunidaddetentudia.com\/portal\/wp-json\/wp\/v2\/media\/12644"}],"wp:attachment":[{"href":"https:\/\/www.mancomunidaddetentudia.com\/portal\/wp-json\/wp\/v2\/media?parent=12643"}],"wp:term":[{"taxonomy":"category","embeddable":true,"href":"https:\/\/www.mancomunidaddetentudia.com\/portal\/wp-json\/wp\/v2\/categories?post=12643"},{"taxonomy":"post_tag","embeddable":true,"href":"https:\/\/www.mancomunidaddetentudia.com\/portal\/wp-json\/wp\/v2\/tags?post=12643"}],"curies":[{"name":"wp","href":"https:\/\/api.w.org\/{rel}","templated":true}]}}