{"id":12659,"date":"2024-02-21T11:50:54","date_gmt":"2024-02-21T10:50:54","guid":{"rendered":"https:\/\/www.mancomunidaddetentudia.com\/portal\/?p=12659"},"modified":"2024-02-21T11:50:55","modified_gmt":"2024-02-21T10:50:55","slug":"abiertas-las-inscripciones-para-el-xvii-trail-iberico-sierra-de-tentudia-en-cabeza-la-vaca","status":"publish","type":"post","link":"https:\/\/www.mancomunidaddetentudia.com\/portal\/abiertas-las-inscripciones-para-el-xvii-trail-iberico-sierra-de-tentudia-en-cabeza-la-vaca\/","title":{"rendered":"ABIERTAS LAS INSCRIPCIONES PARA EL XVII TRAIL IB\u00c9RICO SIERRA DE TENTUD\u00cdA EN CABEZA LA VACA"},"content":{"rendered":"\n<p>El 28 de abril, Cabeza la Vaca acoger\u00e1 una nueva edici\u00f3n de su ya consolidado Trail Ib\u00e9rico \u00abSierra de Tentud\u00eda\u00bb.<\/p>\n\n\n\n<p>Para los 100 primeros inscritos, habr\u00e1 un regalo consistente en una camiseta t\u00e9cnica de la carrera.<\/p>\n\n\n\n<p>\ud835\udde7\ud835\udde5\ud835\uddd4\ud835\udddc\ud835\udddf \ud835\uddd5\ud835\uddd8\ud835\udddf\ud835\udddf\ud835\udde2\ud835\udde7\ud835\uddd8\ud835\udde5\ud835\udde2 \ud835\udfef\ud835\udff1\ud835\uddde+1200 m. Recorrido con paso por Monasterio de Tentud\u00eda (1112 m.), techo de la provincia de Badajoz. Meta en Plaza de Cabeza la Vaca.<\/p>\n\n\n\n<p>\ud835\udde7\ud835\udde5\ud835\uddd4\ud835\udddc\ud835\udddf \ud835\udddc\ud835\uddd5\ud835\uddd8\u0301\ud835\udde5\ud835\udddc\ud835\uddd6\ud835\udde2 \ud835\udfee\ud835\udfef\ud835\uddde+800 m. Recorrido con paso por Pico Bonales (1055 m.), techo de la provincia de Huelva, por vertiente extreme\u00f1a. Meta en Plaza de Cabeza la Vaca.<\/p>\n\n\n\n<p>\ud835\udde7\ud835\udde5\ud835\uddd4\ud835\udddc\ud835\udddf \ud835\uddd6\ud835\uddd4\ud835\udde0\ud835\udde3\ud835\uddd8\ud835\udde5\ud835\udde2 \ud835\udfed\ud835\udfef\ud835\uddde+500m. Recorrido variado, monta\u00f1oso y divertido, por las cumbres m\u00e1s cercanas a la localidad<\/p>\n\n\n\n<p>Otras categor\u00edas que podr\u00e1s elegir en el formulario:<\/p>\n\n\n\n<p>TRAIL INCLUSIVO:13K y 23K<\/p>\n\n\n\n<p>CANITRAIL (Trail con Mascota): 13K<\/p>\n\n\n\n<p>COMARCA DE TENTUD\u00cdA \/TENTUB\u00cdO: 13K, 23K y 35K<\/p>\n\n\n\n<p>Adem\u00e1s, se realizar\u00e1 una ruta de senderismo como actividad paralela gratuita, para acompa\u00f1antes y familiares.<\/p>\n\n\n\n<p>Para TODOS\/AS: Bolsa del corredor\/a, medalla finisher, servicio de masaje, servicio de comida y gran ceremonia de premiaci\u00f3n, igual para las 3 distancias. Para TODOS\/AS misma inscripci\u00f3n.<\/p>\n\n\n\n<p>Enlace formularios de inscripci\u00f3n: <a href=\"https:\/\/www.chipserena.es\/web-evento\/9507-xvii-trail-iberico-sierra-de-tentudia?fbclid=IwAR2iQzvpRajm7zbf0tJ1C66X1p9t2KBRaQpS17jmuPx__6Og5CBjXx24mwU\" rel=\"noreferrer noopener\" target=\"_blank\">https:\/\/www.chipserena.es\/&#8230;\/9507-xvii-trail-iberico&#8230;<\/a><\/p>\n","protected":false},"excerpt":{"rendered":"<p>El 28 de abril, Cabeza la Vaca acoger\u00e1 una nueva edici\u00f3n de su ya consolidado Trail Ib\u00e9rico \u00abSierra de Tentud\u00eda\u00bb. Para los 100 primeros inscritos, habr\u00e1 un regalo consistente en una camiseta t\u00e9cnica de la carrera. \ud835\udde7\ud835\udde5\ud835\uddd4\ud835\udddc\ud835\udddf \ud835\uddd5\ud835\uddd8\ud835\udddf\ud835\udddf\ud835\udde2\ud835\udde7\ud835\uddd8\ud835\udde5\ud835\udde2 \ud835\udfef\ud835\udff1\ud835\uddde+1200 m. Recorrido con paso por Monasterio de Tentud\u00eda (1112 m.), techo de la provincia de Badajoz. [&hellip;]<\/p>\n","protected":false},"author":23,"featured_media":12660,"comment_status":"closed","ping_status":"closed","sticky":false,"template":"","format":"standard","meta":{"footnotes":""},"categories":[27,53,37,230,68,23,24],"tags":[],"class_list":{"0":"post-12659","1":"post","2":"type-post","3":"status-publish","4":"format-standard","5":"has-post-thumbnail","7":"category-actualidad","8":"category-citas-y-eventos","9":"category-destacados","10":"category-dinamizacion-deportiva","11":"category-mancomunidad","12":"category-notas-de-prensa","13":"category-tablon-de-anuncios"},"_links":{"self":[{"href":"https:\/\/www.mancomunidaddetentudia.com\/portal\/wp-json\/wp\/v2\/posts\/12659","targetHints":{"allow":["GET"]}}],"collection":[{"href":"https:\/\/www.mancomunidaddetentudia.com\/portal\/wp-json\/wp\/v2\/posts"}],"about":[{"href":"https:\/\/www.mancomunidaddetentudia.com\/portal\/wp-json\/wp\/v2\/types\/post"}],"author":[{"embeddable":true,"href":"https:\/\/www.mancomunidaddetentudia.com\/portal\/wp-json\/wp\/v2\/users\/23"}],"replies":[{"embeddable":true,"href":"https:\/\/www.mancomunidaddetentudia.com\/portal\/wp-json\/wp\/v2\/comments?post=12659"}],"version-history":[{"count":1,"href":"https:\/\/www.mancomunidaddetentudia.com\/portal\/wp-json\/wp\/v2\/posts\/12659\/revisions"}],"predecessor-version":[{"id":12661,"href":"https:\/\/www.mancomunidaddetentudia.com\/portal\/wp-json\/wp\/v2\/posts\/12659\/revisions\/12661"}],"wp:featuredmedia":[{"embeddable":true,"href":"https:\/\/www.mancomunidaddetentudia.com\/portal\/wp-json\/wp\/v2\/media\/12660"}],"wp:attachment":[{"href":"https:\/\/www.mancomunidaddetentudia.com\/portal\/wp-json\/wp\/v2\/media?parent=12659"}],"wp:term":[{"taxonomy":"category","embeddable":true,"href":"https:\/\/www.mancomunidaddetentudia.com\/portal\/wp-json\/wp\/v2\/categories?post=12659"},{"taxonomy":"post_tag","embeddable":true,"href":"https:\/\/www.mancomunidaddetentudia.com\/portal\/wp-json\/wp\/v2\/tags?post=12659"}],"curies":[{"name":"wp","href":"https:\/\/api.w.org\/{rel}","templated":true}]}}