{"id":12662,"date":"2024-02-21T12:18:52","date_gmt":"2024-02-21T11:18:52","guid":{"rendered":"https:\/\/www.mancomunidaddetentudia.com\/portal\/?p=12662"},"modified":"2024-02-21T12:18:53","modified_gmt":"2024-02-21T11:18:53","slug":"tentudia-promocionara-la-comarca-y-sus-municipios-en-la-bolsa-de-turismo-de-lisboa","status":"publish","type":"post","link":"https:\/\/www.mancomunidaddetentudia.com\/portal\/tentudia-promocionara-la-comarca-y-sus-municipios-en-la-bolsa-de-turismo-de-lisboa\/","title":{"rendered":"TENTUD\u00cdA PROMOCIONAR\u00c1 LA COMARCA Y SUS MUNICIPIOS EN LA BOLSA DE TURISMO DE LISBOA"},"content":{"rendered":"\n<p>Un a\u00f1o m\u00e1s, la Mancomunidad de Tentud\u00eda se desplazar\u00e1 hasta la capital lusa para participar en la <strong>Bolsa de Turismo de Lisboa (BTL)<\/strong>, que se celebrar\u00e1 del 28 de febrero al 3 de marzo.<\/p>\n\n\n\n<p>Como ya lo hizo en la pasada edici\u00f3n de FITUR, promocionar\u00e1 entre el p\u00fablico luso <strong>un turismo distinto, original, sostenible, lento y sin masas<\/strong>. Un lugar donde vivir una experiencia de desconexi\u00f3n a trav\u00e9s de los encantos de su entorno rural, su naturaleza, su patrimonio, su gastronom\u00eda y sus gentes.<\/p>\n\n\n\n<p>Esta promoci\u00f3n se realizar\u00e1 en el stand de Extremadura, y tendr\u00e1 lugar el <strong>mi\u00e9rcoles 28 de febrero a las 17:00 horas (hora local).<\/strong><\/p>\n\n\n\n<p>Portugal es el principal mercado internacional emisor de turistas hacia Extremadura, y por ello desde la Mancomunidad se considera necesario dar a conocer nuestro territorio en la feria de turismo m\u00e1s importante del pa\u00eds vecino.<\/p>\n","protected":false},"excerpt":{"rendered":"<p>Un a\u00f1o m\u00e1s, la Mancomunidad de Tentud\u00eda se desplazar\u00e1 hasta la capital lusa para participar en la Bolsa de Turismo de Lisboa (BTL), que se celebrar\u00e1 del 28 de febrero al 3 de marzo. Como ya lo hizo en la pasada edici\u00f3n de FITUR, promocionar\u00e1 entre el p\u00fablico luso un turismo distinto, original, sostenible, lento [&hellip;]<\/p>\n","protected":false},"author":23,"featured_media":12663,"comment_status":"closed","ping_status":"closed","sticky":false,"template":"","format":"standard","meta":{"footnotes":""},"categories":[27,53,37,68,23,24,273],"tags":[],"class_list":{"0":"post-12662","1":"post","2":"type-post","3":"status-publish","4":"format-standard","5":"has-post-thumbnail","7":"category-actualidad","8":"category-citas-y-eventos","9":"category-destacados","10":"category-mancomunidad","11":"category-notas-de-prensa","12":"category-tablon-de-anuncios","13":"category-turismo"},"_links":{"self":[{"href":"https:\/\/www.mancomunidaddetentudia.com\/portal\/wp-json\/wp\/v2\/posts\/12662","targetHints":{"allow":["GET"]}}],"collection":[{"href":"https:\/\/www.mancomunidaddetentudia.com\/portal\/wp-json\/wp\/v2\/posts"}],"about":[{"href":"https:\/\/www.mancomunidaddetentudia.com\/portal\/wp-json\/wp\/v2\/types\/post"}],"author":[{"embeddable":true,"href":"https:\/\/www.mancomunidaddetentudia.com\/portal\/wp-json\/wp\/v2\/users\/23"}],"replies":[{"embeddable":true,"href":"https:\/\/www.mancomunidaddetentudia.com\/portal\/wp-json\/wp\/v2\/comments?post=12662"}],"version-history":[{"count":1,"href":"https:\/\/www.mancomunidaddetentudia.com\/portal\/wp-json\/wp\/v2\/posts\/12662\/revisions"}],"predecessor-version":[{"id":12664,"href":"https:\/\/www.mancomunidaddetentudia.com\/portal\/wp-json\/wp\/v2\/posts\/12662\/revisions\/12664"}],"wp:featuredmedia":[{"embeddable":true,"href":"https:\/\/www.mancomunidaddetentudia.com\/portal\/wp-json\/wp\/v2\/media\/12663"}],"wp:attachment":[{"href":"https:\/\/www.mancomunidaddetentudia.com\/portal\/wp-json\/wp\/v2\/media?parent=12662"}],"wp:term":[{"taxonomy":"category","embeddable":true,"href":"https:\/\/www.mancomunidaddetentudia.com\/portal\/wp-json\/wp\/v2\/categories?post=12662"},{"taxonomy":"post_tag","embeddable":true,"href":"https:\/\/www.mancomunidaddetentudia.com\/portal\/wp-json\/wp\/v2\/tags?post=12662"}],"curies":[{"name":"wp","href":"https:\/\/api.w.org\/{rel}","templated":true}]}}