{"id":12669,"date":"2024-03-04T12:57:30","date_gmt":"2024-03-04T11:57:30","guid":{"rendered":"https:\/\/www.mancomunidaddetentudia.com\/portal\/?p=12669"},"modified":"2024-03-04T12:57:31","modified_gmt":"2024-03-04T11:57:31","slug":"el-ayuntamiento-de-fuentes-de-leon-presenta-el-programa-de-la-ix-feria-del-jamon-iberico","status":"publish","type":"post","link":"https:\/\/www.mancomunidaddetentudia.com\/portal\/el-ayuntamiento-de-fuentes-de-leon-presenta-el-programa-de-la-ix-feria-del-jamon-iberico\/","title":{"rendered":"EL AYUNTAMIENTO DE FUENTES DE LE\u00d3N PRESENTA EL PROGRAMA DE LA IX FERIA DEL JAM\u00d3N IB\u00c9RICO"},"content":{"rendered":"\n<p>El ayuntamiento de Fuentes de Le\u00f3n ha anunciado el programa de la novena edici\u00f3n de su \u00abFeria del Jam\u00f3n Ib\u00e9rico\u00bb.<\/p>\n\n\n\n<p>La programaci\u00f3n cuenta con una gran variedad de actividades, en la que adem\u00e1s tendr\u00e1n la visita de autoridades de la Junta de Extremadura y la colaboraci\u00f3n de la DOP Dehesa de Extremadura.<\/p>\n\n\n\n<p>\u00a1Disfruten de un fin de semana lleno de pasi\u00f3n por el jam\u00f3n!<\/p>\n\n\n\n<figure class=\"wp-block-image size-large\"><img loading=\"lazy\" decoding=\"async\" width=\"1024\" height=\"724\" src=\"https:\/\/www.mancomunidaddetentudia.com\/portal\/wp-content\/uploads\/2024\/03\/430978340_787287350093628_2718976806327921000_n-1024x724.jpg\" alt=\"\" class=\"wp-image-12670\" srcset=\"https:\/\/www.mancomunidaddetentudia.com\/portal\/wp-content\/uploads\/2024\/03\/430978340_787287350093628_2718976806327921000_n-1024x724.jpg 1024w, https:\/\/www.mancomunidaddetentudia.com\/portal\/wp-content\/uploads\/2024\/03\/430978340_787287350093628_2718976806327921000_n-300x212.jpg 300w, https:\/\/www.mancomunidaddetentudia.com\/portal\/wp-content\/uploads\/2024\/03\/430978340_787287350093628_2718976806327921000_n-768x543.jpg 768w, https:\/\/www.mancomunidaddetentudia.com\/portal\/wp-content\/uploads\/2024\/03\/430978340_787287350093628_2718976806327921000_n-100x70.jpg 100w, https:\/\/www.mancomunidaddetentudia.com\/portal\/wp-content\/uploads\/2024\/03\/430978340_787287350093628_2718976806327921000_n-696x492.jpg 696w, https:\/\/www.mancomunidaddetentudia.com\/portal\/wp-content\/uploads\/2024\/03\/430978340_787287350093628_2718976806327921000_n-1068x756.jpg 1068w, https:\/\/www.mancomunidaddetentudia.com\/portal\/wp-content\/uploads\/2024\/03\/430978340_787287350093628_2718976806327921000_n-594x420.jpg 594w, https:\/\/www.mancomunidaddetentudia.com\/portal\/wp-content\/uploads\/2024\/03\/430978340_787287350093628_2718976806327921000_n.jpg 1439w\" sizes=\"auto, (max-width: 1024px) 100vw, 1024px\" \/><\/figure>\n","protected":false},"excerpt":{"rendered":"<p>El ayuntamiento de Fuentes de Le\u00f3n ha anunciado el programa de la novena edici\u00f3n de su \u00abFeria del Jam\u00f3n Ib\u00e9rico\u00bb. La programaci\u00f3n cuenta con una gran variedad de actividades, en la que adem\u00e1s tendr\u00e1n la visita de autoridades de la Junta de Extremadura y la colaboraci\u00f3n de la DOP Dehesa de Extremadura. \u00a1Disfruten de un [&hellip;]<\/p>\n","protected":false},"author":23,"featured_media":12671,"comment_status":"closed","ping_status":"closed","sticky":false,"template":"","format":"standard","meta":{"footnotes":""},"categories":[27,53,68,24,273],"tags":[],"class_list":{"0":"post-12669","1":"post","2":"type-post","3":"status-publish","4":"format-standard","5":"has-post-thumbnail","7":"category-actualidad","8":"category-citas-y-eventos","9":"category-mancomunidad","10":"category-tablon-de-anuncios","11":"category-turismo"},"_links":{"self":[{"href":"https:\/\/www.mancomunidaddetentudia.com\/portal\/wp-json\/wp\/v2\/posts\/12669","targetHints":{"allow":["GET"]}}],"collection":[{"href":"https:\/\/www.mancomunidaddetentudia.com\/portal\/wp-json\/wp\/v2\/posts"}],"about":[{"href":"https:\/\/www.mancomunidaddetentudia.com\/portal\/wp-json\/wp\/v2\/types\/post"}],"author":[{"embeddable":true,"href":"https:\/\/www.mancomunidaddetentudia.com\/portal\/wp-json\/wp\/v2\/users\/23"}],"replies":[{"embeddable":true,"href":"https:\/\/www.mancomunidaddetentudia.com\/portal\/wp-json\/wp\/v2\/comments?post=12669"}],"version-history":[{"count":1,"href":"https:\/\/www.mancomunidaddetentudia.com\/portal\/wp-json\/wp\/v2\/posts\/12669\/revisions"}],"predecessor-version":[{"id":12672,"href":"https:\/\/www.mancomunidaddetentudia.com\/portal\/wp-json\/wp\/v2\/posts\/12669\/revisions\/12672"}],"wp:featuredmedia":[{"embeddable":true,"href":"https:\/\/www.mancomunidaddetentudia.com\/portal\/wp-json\/wp\/v2\/media\/12671"}],"wp:attachment":[{"href":"https:\/\/www.mancomunidaddetentudia.com\/portal\/wp-json\/wp\/v2\/media?parent=12669"}],"wp:term":[{"taxonomy":"category","embeddable":true,"href":"https:\/\/www.mancomunidaddetentudia.com\/portal\/wp-json\/wp\/v2\/categories?post=12669"},{"taxonomy":"post_tag","embeddable":true,"href":"https:\/\/www.mancomunidaddetentudia.com\/portal\/wp-json\/wp\/v2\/tags?post=12669"}],"curies":[{"name":"wp","href":"https:\/\/api.w.org\/{rel}","templated":true}]}}