{"id":12684,"date":"2024-03-15T09:42:38","date_gmt":"2024-03-15T08:42:38","guid":{"rendered":"https:\/\/www.mancomunidaddetentudia.com\/portal\/?p=12684"},"modified":"2024-03-15T09:42:39","modified_gmt":"2024-03-15T08:42:39","slug":"dia-mundial-para-la-defensa-de-los-derechos-de-las-personas-consumidoras","status":"publish","type":"post","link":"https:\/\/www.mancomunidaddetentudia.com\/portal\/dia-mundial-para-la-defensa-de-los-derechos-de-las-personas-consumidoras\/","title":{"rendered":"D\u00cdA MUNDIAL PARA LA DEFENSA DE LOS DERECHOS DE LAS PERSONAS CONSUMIDORAS"},"content":{"rendered":"\n<p>El 15 de marzo de 1963, el presidente de EE.UU., John F. Kennedy, pronunci\u00f3 un discurso ante el Congreso de ese pa\u00eds en el que se refiri\u00f3 a los derechos de los consumidores. Algunos a\u00f1os m\u00e1s tarde, el movimiento de consumidores comenz\u00f3 a celebrar cada 15 de marzo el D\u00eda Mundial de los Derechos del Consumidor para aumentar la conciencia mundial sobre estos derechos.<br>La protecci\u00f3n de estos se estableci\u00f3 en primer lugar en la Constituci\u00f3n Espa\u00f1ola, y m\u00e1s tarde en leyes nacionales y auton\u00f3micas y as\u00ed, a\u00f1o tras a\u00f1o, la conmemoraci\u00f3n de este d\u00eda ha ido adquiriendo m\u00e1s importancia, no s\u00f3lo por el aumento del n\u00famero de consumidores y de bienes consumibles, sino tambi\u00e9n por la aparici\u00f3n de nuevas alternativas de consumo.<br>El D\u00eda Mundial de los Derechos del Consumidor es un d\u00eda m\u00e1s en el calendario, pero es el d\u00eda en el que los consumidores reflexionamos y organizamos actividades reivindicativas para seguir avanzando, para conseguir nuestros derechos en la sociedad. Sirva esta nota como recordatorio, reflexi\u00f3n y toma de conciencia de nuestra condici\u00f3n de consumidores, del papel que tenemos en la vida social y econ\u00f3mica y de la necesidad del ejercicio activo en defensa de los derechos de todas las personas consumidoras por parte de los recursos de los que la administraci\u00f3n dispone a este respecto.<br>En Extremadura, tenemos la suerte de contar con el Consorcio Extreme\u00f1o de Informaci\u00f3n al Consumidor que, con sus tres \u00e1reas de trabajo: atenci\u00f3n, formaci\u00f3n e informaci\u00f3n, vela por los derechos de las personas consumidoras, acercando su servicio a toda la poblaci\u00f3n de las zonas rurales.<br>Este organismo, dependiente del Instituto de Consumo de Extremadura (INCOEX),ofrece el servicio mancomunado que presta en materia de consumo con 30 oficinas, llegando as\u00ed a las personas consumidoras a trav\u00e9s de Centros Mancomunados de Consumo repartidos por toda la geograf\u00eda extreme\u00f1a, adem\u00e1s de su Gerencia, sita en M\u00e9rida.<br>Este acercamiento de los recursos en materia de consumo pretende hacer llegar a la poblaci\u00f3n rural extreme\u00f1a de forma general, y a los consumidores vulnerables de forma particular una protecci\u00f3n y una formaci\u00f3n\/informaci\u00f3n de la que carec\u00edan hasta estos momentos.<br>A continuaci\u00f3n, detallamos relaci\u00f3n de recursos digitales:<\/p>\n\n\n\n<div data-wp-interactive=\"core\/file\" class=\"wp-block-file\"><object data-wp-bind--hidden=\"!state.hasPdfPreview\" hidden class=\"wp-block-file__embed\" data=\"https:\/\/www.mancomunidaddetentudia.com\/portal\/wp-content\/uploads\/2024\/03\/RECUROS-DIGITALES-15-de-marzo-de-2024.pdf\" type=\"application\/pdf\" style=\"width:100%;height:600px\" aria-label=\"Incrustado de RECUROS-DIGITALES-15-de-marzo-de-2024.\"><\/object><a id=\"wp-block-file--media-fc36d8da-b27a-4c29-b39f-5b017c147642\" href=\"https:\/\/www.mancomunidaddetentudia.com\/portal\/wp-content\/uploads\/2024\/03\/RECUROS-DIGITALES-15-de-marzo-de-2024.pdf\">RECUROS-DIGITALES-15-de-marzo-de-2024<\/a><a href=\"https:\/\/www.mancomunidaddetentudia.com\/portal\/wp-content\/uploads\/2024\/03\/RECUROS-DIGITALES-15-de-marzo-de-2024.pdf\" class=\"wp-block-file__button wp-element-button\" download aria-describedby=\"wp-block-file--media-fc36d8da-b27a-4c29-b39f-5b017c147642\">Descarga<\/a><\/div>\n","protected":false},"excerpt":{"rendered":"<p>El 15 de marzo de 1963, el presidente de EE.UU., John F. Kennedy, pronunci\u00f3 un discurso ante el Congreso de ese pa\u00eds en el que se refiri\u00f3 a los derechos de los consumidores. Algunos a\u00f1os m\u00e1s tarde, el movimiento de consumidores comenz\u00f3 a celebrar cada 15 de marzo el D\u00eda Mundial de los Derechos del [&hellip;]<\/p>\n","protected":false},"author":23,"featured_media":12686,"comment_status":"closed","ping_status":"closed","sticky":false,"template":"","format":"standard","meta":{"footnotes":""},"categories":[27,255,23,24],"tags":[],"class_list":{"0":"post-12684","1":"post","2":"type-post","3":"status-publish","4":"format-standard","5":"has-post-thumbnail","7":"category-actualidad","8":"category-consumo","9":"category-notas-de-prensa","10":"category-tablon-de-anuncios"},"_links":{"self":[{"href":"https:\/\/www.mancomunidaddetentudia.com\/portal\/wp-json\/wp\/v2\/posts\/12684","targetHints":{"allow":["GET"]}}],"collection":[{"href":"https:\/\/www.mancomunidaddetentudia.com\/portal\/wp-json\/wp\/v2\/posts"}],"about":[{"href":"https:\/\/www.mancomunidaddetentudia.com\/portal\/wp-json\/wp\/v2\/types\/post"}],"author":[{"embeddable":true,"href":"https:\/\/www.mancomunidaddetentudia.com\/portal\/wp-json\/wp\/v2\/users\/23"}],"replies":[{"embeddable":true,"href":"https:\/\/www.mancomunidaddetentudia.com\/portal\/wp-json\/wp\/v2\/comments?post=12684"}],"version-history":[{"count":1,"href":"https:\/\/www.mancomunidaddetentudia.com\/portal\/wp-json\/wp\/v2\/posts\/12684\/revisions"}],"predecessor-version":[{"id":12687,"href":"https:\/\/www.mancomunidaddetentudia.com\/portal\/wp-json\/wp\/v2\/posts\/12684\/revisions\/12687"}],"wp:featuredmedia":[{"embeddable":true,"href":"https:\/\/www.mancomunidaddetentudia.com\/portal\/wp-json\/wp\/v2\/media\/12686"}],"wp:attachment":[{"href":"https:\/\/www.mancomunidaddetentudia.com\/portal\/wp-json\/wp\/v2\/media?parent=12684"}],"wp:term":[{"taxonomy":"category","embeddable":true,"href":"https:\/\/www.mancomunidaddetentudia.com\/portal\/wp-json\/wp\/v2\/categories?post=12684"},{"taxonomy":"post_tag","embeddable":true,"href":"https:\/\/www.mancomunidaddetentudia.com\/portal\/wp-json\/wp\/v2\/tags?post=12684"}],"curies":[{"name":"wp","href":"https:\/\/api.w.org\/{rel}","templated":true}]}}