{"id":12727,"date":"2024-04-10T07:54:09","date_gmt":"2024-04-10T06:54:09","guid":{"rendered":"https:\/\/www.mancomunidaddetentudia.com\/portal\/?p=12727"},"modified":"2024-04-10T07:54:10","modified_gmt":"2024-04-10T06:54:10","slug":"vuelve-radio-fuente-de-cantos","status":"publish","type":"post","link":"https:\/\/www.mancomunidaddetentudia.com\/portal\/vuelve-radio-fuente-de-cantos\/","title":{"rendered":"VUELVE RADIO FUENTE DE CANTOS"},"content":{"rendered":"\n<p><em>Radio Fuente de Cantos<\/em> retoma las remisiones con renovado entusiasmo. <\/p>\n\n\n\n<p>Despu\u00e9s de un par\u00f3n de varios meses, la radio de Fuente de Cantos ha <a><\/a>vuelto a emitir. Esta vez, regresa con una mejora t\u00e9cnica significativa y con m\u00e1s ilusi\u00f3n que nunca.<\/p>\n\n\n\n<p>Durante el tiempo que estuvo fuera del aire, el equipo de la radio trabaj\u00f3 incansablemente para mejorar la calidad de la emisi\u00f3n y para planificar una programaci\u00f3n que entusiasme a los oyentes.<\/p>\n\n\n\n<p>La radio siempre ha jugado un papel crucial en la vida de los habitantes de Fuente de Cantos. Es una fuente de informaci\u00f3n local, un medio para compartir historias y experiencias, y un espacio donde la comunidad puede expresarse.<\/p>\n\n\n\n<p>Con su regreso, la radio de Fuente de Cantos est\u00e1 lista para continuar desempe\u00f1ando este papel vital. El equipo est\u00e1 emocionado de volver a conectar con los oyentes y de llevar la radio local a nuevas alturas.<\/p>\n\n\n\n<p>\u00a1Sintoniza y \u00fanete a nosotros en esta emocionante nueva etapa de la radio de Fuente de Cantos!<\/p>\n","protected":false},"excerpt":{"rendered":"<p>Radio Fuente de Cantos retoma las remisiones con renovado entusiasmo. Despu\u00e9s de un par\u00f3n de varios meses, la radio de Fuente de Cantos ha vuelto a emitir. Esta vez, regresa con una mejora t\u00e9cnica significativa y con m\u00e1s ilusi\u00f3n que nunca. Durante el tiempo que estuvo fuera del aire, el equipo de la radio trabaj\u00f3 [&hellip;]<\/p>\n","protected":false},"author":23,"featured_media":12728,"comment_status":"closed","ping_status":"closed","sticky":false,"template":"","format":"standard","meta":{"footnotes":""},"categories":[27,37,24],"tags":[],"class_list":{"0":"post-12727","1":"post","2":"type-post","3":"status-publish","4":"format-standard","5":"has-post-thumbnail","7":"category-actualidad","8":"category-destacados","9":"category-tablon-de-anuncios"},"_links":{"self":[{"href":"https:\/\/www.mancomunidaddetentudia.com\/portal\/wp-json\/wp\/v2\/posts\/12727","targetHints":{"allow":["GET"]}}],"collection":[{"href":"https:\/\/www.mancomunidaddetentudia.com\/portal\/wp-json\/wp\/v2\/posts"}],"about":[{"href":"https:\/\/www.mancomunidaddetentudia.com\/portal\/wp-json\/wp\/v2\/types\/post"}],"author":[{"embeddable":true,"href":"https:\/\/www.mancomunidaddetentudia.com\/portal\/wp-json\/wp\/v2\/users\/23"}],"replies":[{"embeddable":true,"href":"https:\/\/www.mancomunidaddetentudia.com\/portal\/wp-json\/wp\/v2\/comments?post=12727"}],"version-history":[{"count":1,"href":"https:\/\/www.mancomunidaddetentudia.com\/portal\/wp-json\/wp\/v2\/posts\/12727\/revisions"}],"predecessor-version":[{"id":12729,"href":"https:\/\/www.mancomunidaddetentudia.com\/portal\/wp-json\/wp\/v2\/posts\/12727\/revisions\/12729"}],"wp:featuredmedia":[{"embeddable":true,"href":"https:\/\/www.mancomunidaddetentudia.com\/portal\/wp-json\/wp\/v2\/media\/12728"}],"wp:attachment":[{"href":"https:\/\/www.mancomunidaddetentudia.com\/portal\/wp-json\/wp\/v2\/media?parent=12727"}],"wp:term":[{"taxonomy":"category","embeddable":true,"href":"https:\/\/www.mancomunidaddetentudia.com\/portal\/wp-json\/wp\/v2\/categories?post=12727"},{"taxonomy":"post_tag","embeddable":true,"href":"https:\/\/www.mancomunidaddetentudia.com\/portal\/wp-json\/wp\/v2\/tags?post=12727"}],"curies":[{"name":"wp","href":"https:\/\/api.w.org\/{rel}","templated":true}]}}