{"id":12730,"date":"2024-04-10T07:56:05","date_gmt":"2024-04-10T06:56:05","guid":{"rendered":"https:\/\/www.mancomunidaddetentudia.com\/portal\/?p=12730"},"modified":"2024-04-10T07:56:06","modified_gmt":"2024-04-10T06:56:06","slug":"ii-concentracion-motera-la-buitrera-cabeza-la-vaca","status":"publish","type":"post","link":"https:\/\/www.mancomunidaddetentudia.com\/portal\/ii-concentracion-motera-la-buitrera-cabeza-la-vaca\/","title":{"rendered":"II CONCENTRACI\u00d3N MOTERA \u00abLA BUITRERA\u00bb CABEZA LA VACA"},"content":{"rendered":"\n<p>\u00a1Atenci\u00f3n amantes de las dos ruedas! Este fin de semana, <strong>13 y 14 de abril<\/strong>, la asociaci\u00f3n motera \u00abLa Buitrera\u00bb de Cabeza la Vaca ha organizado, en colaboraci\u00f3n con el Ayuntamiento, la <em>II CONCENTRACI\u00d3N MOTERA \u00abLA BUITRERA\u00bb<\/em>. <\/p>\n\n\n\n<p>Tras el rotundo \u00e9xito del pasado a\u00f1o, en esta edici\u00f3n se han planificado dos rutas espectaculares por nuestra comarca para disfrutar de la adrenalina y el paisaje.<\/p>\n\n\n\n<p>Pero eso no es todo&#8230; Nuestra plaza se convertir\u00e1 en el coraz\u00f3n de este evento, un punto de encuentro donde vivir la pasi\u00f3n por las motos, compartir experiencias y disfrutar del mejor ambiente. Nuestros bares y restaurantes estar\u00e1n abiertos para deleitaros con la gastronom\u00eda local, adem\u00e1s de una barra especial en el paseo para que no falte de nada.<\/p>\n\n\n\n<p>Y para que la fiesta sea completa, el s\u00e1bado por la tarde-noche tendremos a un DJ que pondr\u00e1 la banda sonora a una jornada inolvidable. <\/p>\n\n\n\n<p>No te pierdas esta gran cita motera. \u00a1Ven a Cabeza la Vaca y vive una experiencia \u00fanica! \u00a1Vive nuestra comarca, Vive Cabeza la Vaca!<\/p>\n","protected":false},"excerpt":{"rendered":"<p>\u00a1Atenci\u00f3n amantes de las dos ruedas! Este fin de semana, 13 y 14 de abril, la asociaci\u00f3n motera \u00abLa Buitrera\u00bb de Cabeza la Vaca ha organizado, en colaboraci\u00f3n con el Ayuntamiento, la II CONCENTRACI\u00d3N MOTERA \u00abLA BUITRERA\u00bb. Tras el rotundo \u00e9xito del pasado a\u00f1o, en esta edici\u00f3n se han planificado dos rutas espectaculares por nuestra [&hellip;]<\/p>\n","protected":false},"author":23,"featured_media":12731,"comment_status":"closed","ping_status":"closed","sticky":false,"template":"","format":"standard","meta":{"footnotes":""},"categories":[27,53,37,68,24],"tags":[],"class_list":{"0":"post-12730","1":"post","2":"type-post","3":"status-publish","4":"format-standard","5":"has-post-thumbnail","7":"category-actualidad","8":"category-citas-y-eventos","9":"category-destacados","10":"category-mancomunidad","11":"category-tablon-de-anuncios"},"_links":{"self":[{"href":"https:\/\/www.mancomunidaddetentudia.com\/portal\/wp-json\/wp\/v2\/posts\/12730","targetHints":{"allow":["GET"]}}],"collection":[{"href":"https:\/\/www.mancomunidaddetentudia.com\/portal\/wp-json\/wp\/v2\/posts"}],"about":[{"href":"https:\/\/www.mancomunidaddetentudia.com\/portal\/wp-json\/wp\/v2\/types\/post"}],"author":[{"embeddable":true,"href":"https:\/\/www.mancomunidaddetentudia.com\/portal\/wp-json\/wp\/v2\/users\/23"}],"replies":[{"embeddable":true,"href":"https:\/\/www.mancomunidaddetentudia.com\/portal\/wp-json\/wp\/v2\/comments?post=12730"}],"version-history":[{"count":1,"href":"https:\/\/www.mancomunidaddetentudia.com\/portal\/wp-json\/wp\/v2\/posts\/12730\/revisions"}],"predecessor-version":[{"id":12732,"href":"https:\/\/www.mancomunidaddetentudia.com\/portal\/wp-json\/wp\/v2\/posts\/12730\/revisions\/12732"}],"wp:featuredmedia":[{"embeddable":true,"href":"https:\/\/www.mancomunidaddetentudia.com\/portal\/wp-json\/wp\/v2\/media\/12731"}],"wp:attachment":[{"href":"https:\/\/www.mancomunidaddetentudia.com\/portal\/wp-json\/wp\/v2\/media?parent=12730"}],"wp:term":[{"taxonomy":"category","embeddable":true,"href":"https:\/\/www.mancomunidaddetentudia.com\/portal\/wp-json\/wp\/v2\/categories?post=12730"},{"taxonomy":"post_tag","embeddable":true,"href":"https:\/\/www.mancomunidaddetentudia.com\/portal\/wp-json\/wp\/v2\/tags?post=12730"}],"curies":[{"name":"wp","href":"https:\/\/api.w.org\/{rel}","templated":true}]}}