{"id":12733,"date":"2024-04-17T11:43:42","date_gmt":"2024-04-17T10:43:42","guid":{"rendered":"https:\/\/www.mancomunidaddetentudia.com\/portal\/?p=12733"},"modified":"2024-04-17T11:43:43","modified_gmt":"2024-04-17T10:43:43","slug":"el-cmc-tentudia-lleva-a-cabo-el-proyecto-piloto-yo-en-el-cole-tu-en-casa","status":"publish","type":"post","link":"https:\/\/www.mancomunidaddetentudia.com\/portal\/el-cmc-tentudia-lleva-a-cabo-el-proyecto-piloto-yo-en-el-cole-tu-en-casa\/","title":{"rendered":"EL CMC TENTUD\u00cdA LLEVA A CABO EL PROYECTO PILOTO \u00abYo en el cole, t\u00fa en casa\u00bb"},"content":{"rendered":"\n<p>Se trata de un proyecto de educaci\u00f3n en consumo puesto en pr\u00e1ctica en el Colegio Nuestra Se\u00f1ora de&nbsp; la Providencia&nbsp; de Montemol\u00edn y en el CEIP el LLano de Monesterio.<\/p>\n\n\n\n<p>Encontramos novedades como una formaci\u00f3n en escalera, donde cada curso tiene un tema espec\u00edfico a tratar, con el objetivo de una educaci\u00f3n continua y diversa a lo largo de la trayectoria de infantil y primaria en los centros.<\/p>\n\n\n\n<p>Ideas como la implicaci\u00f3n de las familias, ya que a los hogares llega de manos de los m\u00e1s peque\u00f1os y las m\u00e1s peque\u00f1as distintos materiales que permiten comprobar lo trabajado en el colegio, de esta forma la adquisici\u00f3n de h\u00e1bitos se realiza de manera completa.<\/p>\n\n\n\n<p>Llevamos a los centros una formaci\u00f3n creativa, din\u00e1mica y participativa, donde el alumnado es el protagonista de dichos talleres, fomentando experimentos y manipulaci\u00f3n de recursos para que se aprenda de manera divertida.<\/p>\n\n\n\n<p>Tenemos la adaptaci\u00f3n curricular como base, teniendo en cuenta los objetivos pedag\u00f3gicos de cada edad se han llevado a cabo dos sesiones por cada curso, siendo las tem\u00e1ticas espec\u00edficas: \u00abLa patrulla gotina\u00bb (3 a\u00f1os), \u00abLa pandilla basurilla\u00bb (4 a\u00f1os), \u00abLa brigada de la lupa\u00bb (5 a\u00f1os), \u00abNuestra eRRe favorita\u00bb (1\u00ba Primaria), \u00abCreativa-mente\u00bb (2\u00ba primaria), \u00abY hoy \u00bfqu\u00e9 comemos?\u00bb (3\u00ba primaria), \u00abLa luz que te ilumina\u00bb (4\u00ba primaria), \u00abTu vida tras tu m\u00f3vil\u00bb (5\u00ba primaria) y \u00abenREDate\u00bb (6\u00ba de primaria).<\/p>\n\n\n\n<p>La acogida, la puesta en pr\u00e1ctica y los resultados han sido de lo m\u00e1s gratificantes, agradecemos la predisposici\u00f3n de los centros a llevar a cabo este proyecto, ya que sin su colaboraci\u00f3n no hubiera sido posible.<\/p>\n\n\n\n<p>Para ver algunas fotos pod\u00e9is acceder aqui:<a href=\"https:\/\/cpelllano.educarex.es\/index.php\/177676-uncategorised\/1209-yo-en-el-cole-tu-en-casa-2?fbclid=IwZXh0bgNhZW0CMTAAAR2fRTD1wj19Z841U0dCvOvVx5ktCCp3aBYntAArHR8Xq2_ZOyRpOzOlId4_aem_ATtiVEJyQKzyB5bczjliP7l_ZxwP95AhjrimL3iAgwHKspbZGhzya2IteJEbmsNo0Hj-hb7HkNf0CzigitE17YSP\" target=\"_blank\" rel=\"noreferrer noopener\">&nbsp;https:\/\/cpelllano.educarex.es\/index.php\/177676-uncategorised\/1209-yo-en-el-cole-tu-en-casa-2?fbclid=IwZXh0bgNhZW0CMTAAAR2fRTD1wj19Z841U0dCvOvVx5ktCCp3aBYntAArHR8Xq2_ZOyRpOzOlId4_aem_ATtiVEJyQKzyB5bczjliP7l_ZxwP95AhjrimL3iAgwHKspbZGhzya2IteJEbmsNo0Hj-hb7HkNf0CzigitE17YSP<\/a><\/p>\n","protected":false},"excerpt":{"rendered":"<p>Se trata de un proyecto de educaci\u00f3n en consumo puesto en pr\u00e1ctica en el Colegio Nuestra Se\u00f1ora de&nbsp; la Providencia&nbsp; de Montemol\u00edn y en el CEIP el LLano de Monesterio. Encontramos novedades como una formaci\u00f3n en escalera, donde cada curso tiene un tema espec\u00edfico a tratar, con el objetivo de una educaci\u00f3n continua y diversa [&hellip;]<\/p>\n","protected":false},"author":23,"featured_media":12734,"comment_status":"closed","ping_status":"closed","sticky":false,"template":"","format":"standard","meta":{"footnotes":""},"categories":[27,255,68,23,24],"tags":[],"class_list":{"0":"post-12733","1":"post","2":"type-post","3":"status-publish","4":"format-standard","5":"has-post-thumbnail","7":"category-actualidad","8":"category-consumo","9":"category-mancomunidad","10":"category-notas-de-prensa","11":"category-tablon-de-anuncios"},"_links":{"self":[{"href":"https:\/\/www.mancomunidaddetentudia.com\/portal\/wp-json\/wp\/v2\/posts\/12733","targetHints":{"allow":["GET"]}}],"collection":[{"href":"https:\/\/www.mancomunidaddetentudia.com\/portal\/wp-json\/wp\/v2\/posts"}],"about":[{"href":"https:\/\/www.mancomunidaddetentudia.com\/portal\/wp-json\/wp\/v2\/types\/post"}],"author":[{"embeddable":true,"href":"https:\/\/www.mancomunidaddetentudia.com\/portal\/wp-json\/wp\/v2\/users\/23"}],"replies":[{"embeddable":true,"href":"https:\/\/www.mancomunidaddetentudia.com\/portal\/wp-json\/wp\/v2\/comments?post=12733"}],"version-history":[{"count":1,"href":"https:\/\/www.mancomunidaddetentudia.com\/portal\/wp-json\/wp\/v2\/posts\/12733\/revisions"}],"predecessor-version":[{"id":12735,"href":"https:\/\/www.mancomunidaddetentudia.com\/portal\/wp-json\/wp\/v2\/posts\/12733\/revisions\/12735"}],"wp:featuredmedia":[{"embeddable":true,"href":"https:\/\/www.mancomunidaddetentudia.com\/portal\/wp-json\/wp\/v2\/media\/12734"}],"wp:attachment":[{"href":"https:\/\/www.mancomunidaddetentudia.com\/portal\/wp-json\/wp\/v2\/media?parent=12733"}],"wp:term":[{"taxonomy":"category","embeddable":true,"href":"https:\/\/www.mancomunidaddetentudia.com\/portal\/wp-json\/wp\/v2\/categories?post=12733"},{"taxonomy":"post_tag","embeddable":true,"href":"https:\/\/www.mancomunidaddetentudia.com\/portal\/wp-json\/wp\/v2\/tags?post=12733"}],"curies":[{"name":"wp","href":"https:\/\/api.w.org\/{rel}","templated":true}]}}