{"id":12827,"date":"2024-07-17T11:58:00","date_gmt":"2024-07-17T10:58:00","guid":{"rendered":"https:\/\/www.mancomunidaddetentudia.com\/portal\/?p=12827"},"modified":"2024-07-17T18:49:46","modified_gmt":"2024-07-17T17:49:46","slug":"diversas-empresas-comarcales-y-regionales-participan-en-la-vi-muestra-gastrostar","status":"publish","type":"post","link":"https:\/\/www.mancomunidaddetentudia.com\/portal\/diversas-empresas-comarcales-y-regionales-participan-en-la-vi-muestra-gastrostar\/","title":{"rendered":"DIVERSAS EMPRESAS COMARCALES Y REGIONALES PARTICIPAN EN LA VI MUESTRA GASTROSTAR"},"content":{"rendered":"\n<p>Este a\u00f1o, la Muestra Gastrostar contar\u00e1 con la participaci\u00f3n de diversas empresas, tanto de la Comarca de Tentud\u00eda como de la regi\u00f3n, que estar\u00e1n presentes a trav\u00e9s de sus productos de calidad.<\/p>\n\n\n\n<p>Los jamones y embutidos que se deleitar\u00e1n proceden de diversas empresas de la comarca, como <strong>Embutidos Mota <\/strong>(Cabeza la Vaca)<strong>, Garc\u00eda Mimbrero <\/strong>(Fuente de Cantos)<strong> o Jam\u00f3n de Monesterio.<\/strong><\/p>\n\n\n\n<p>Los distintos quesos que se podr\u00e1n saborear en la Muestra proceden de la queser\u00eda \u201c<strong>Tesoro de Cabra<\/strong>\u201d de Cabeza la Vaca, que deleitar\u00e1 a los asistentes con exquisitos quesos artesanos de cabra y oveja. Adem\u00e1s, por primera vez en la muestra, han querido participar este a\u00f1o los quesos artesanos \u00fanicos y diferentes \u201c<strong>Buleri<\/strong>\u201d de Villafranca de los Barros.<\/p>\n\n\n\n<p>La cervecer\u00eda artesanal extreme\u00f1a \u201c<strong>Sevebrau<\/strong>\u201d tambi\u00e9n estar\u00e1 presente por primera vez en la Gastrostar, ofreciendo un espacio donde los amantes de las cervezas de calidad artesana tendr\u00e1n la ocasi\u00f3n de poder degustarlas.<\/p>\n\n\n\n<p>Por otra parte, y a trav\u00e9s de una colaboraci\u00f3n totalmente desinteresada, participar\u00e1 la <strong>Escuela de Cocina de Monesterio<\/strong>, dirigida por el chef <em>Remi Pe\u00f1alosa L\u00e1zaro,<\/em> que deleitar\u00e1n a los asistentes con un plato gourmet y un postre artesano.<\/p>\n","protected":false},"excerpt":{"rendered":"<p>Este a\u00f1o, la Muestra Gastrostar contar\u00e1 con la participaci\u00f3n de diversas empresas, tanto de la Comarca de Tentud\u00eda como de la regi\u00f3n, que estar\u00e1n presentes a trav\u00e9s de sus productos de calidad. Los jamones y embutidos que se deleitar\u00e1n proceden de diversas empresas de la comarca, como Embutidos Mota (Cabeza la Vaca), Garc\u00eda Mimbrero (Fuente [&hellip;]<\/p>\n","protected":false},"author":23,"featured_media":12217,"comment_status":"closed","ping_status":"closed","sticky":false,"template":"","format":"standard","meta":{"footnotes":""},"categories":[27,53,37,68,23,24,273],"tags":[],"class_list":{"0":"post-12827","1":"post","2":"type-post","3":"status-publish","4":"format-standard","5":"has-post-thumbnail","7":"category-actualidad","8":"category-citas-y-eventos","9":"category-destacados","10":"category-mancomunidad","11":"category-notas-de-prensa","12":"category-tablon-de-anuncios","13":"category-turismo"},"_links":{"self":[{"href":"https:\/\/www.mancomunidaddetentudia.com\/portal\/wp-json\/wp\/v2\/posts\/12827","targetHints":{"allow":["GET"]}}],"collection":[{"href":"https:\/\/www.mancomunidaddetentudia.com\/portal\/wp-json\/wp\/v2\/posts"}],"about":[{"href":"https:\/\/www.mancomunidaddetentudia.com\/portal\/wp-json\/wp\/v2\/types\/post"}],"author":[{"embeddable":true,"href":"https:\/\/www.mancomunidaddetentudia.com\/portal\/wp-json\/wp\/v2\/users\/23"}],"replies":[{"embeddable":true,"href":"https:\/\/www.mancomunidaddetentudia.com\/portal\/wp-json\/wp\/v2\/comments?post=12827"}],"version-history":[{"count":3,"href":"https:\/\/www.mancomunidaddetentudia.com\/portal\/wp-json\/wp\/v2\/posts\/12827\/revisions"}],"predecessor-version":[{"id":12830,"href":"https:\/\/www.mancomunidaddetentudia.com\/portal\/wp-json\/wp\/v2\/posts\/12827\/revisions\/12830"}],"wp:featuredmedia":[{"embeddable":true,"href":"https:\/\/www.mancomunidaddetentudia.com\/portal\/wp-json\/wp\/v2\/media\/12217"}],"wp:attachment":[{"href":"https:\/\/www.mancomunidaddetentudia.com\/portal\/wp-json\/wp\/v2\/media?parent=12827"}],"wp:term":[{"taxonomy":"category","embeddable":true,"href":"https:\/\/www.mancomunidaddetentudia.com\/portal\/wp-json\/wp\/v2\/categories?post=12827"},{"taxonomy":"post_tag","embeddable":true,"href":"https:\/\/www.mancomunidaddetentudia.com\/portal\/wp-json\/wp\/v2\/tags?post=12827"}],"curies":[{"name":"wp","href":"https:\/\/api.w.org\/{rel}","templated":true}]}}