{"id":12880,"date":"2024-10-29T10:12:57","date_gmt":"2024-10-29T09:12:57","guid":{"rendered":"https:\/\/www.mancomunidaddetentudia.com\/portal\/?p=12880"},"modified":"2024-10-29T10:12:57","modified_gmt":"2024-10-29T09:12:57","slug":"encuentro-entre-diversas-autoridades-y-cuerpos-de-seguridad-para-analizar-la-evolucion-del-sistema-de-recogida-de-residuos-puerta-a-puerta-en-la-mancomunidad","status":"publish","type":"post","link":"https:\/\/www.mancomunidaddetentudia.com\/portal\/encuentro-entre-diversas-autoridades-y-cuerpos-de-seguridad-para-analizar-la-evolucion-del-sistema-de-recogida-de-residuos-puerta-a-puerta-en-la-mancomunidad\/","title":{"rendered":"ENCUENTRO ENTRE DIVERSAS AUTORIDADES Y CUERPOS DE SEGURIDAD PARA ANALIZAR LA EVOLUCI\u00d3N DEL SISTEMA DE RECOGIDA DE RESIDUOS \u00abPUERTA A PUERTA\u00bb EN LA MANCOMUNIDAD"},"content":{"rendered":"\n<p>El pasado 24 de octubre, se celebr\u00f3 en Cabeza la Vaca un fruct\u00edfero encuentro entre alcaldes\/as, la <strong>subdelegada del gobierno Mar\u00eda Isabel Cort\u00e9s Gordillo<\/strong>, representantes de la Mancomunidad de Tentud\u00eda y los cuerpos de seguridad (Polic\u00eda Local, Guardia Civil, SEPRONA y Agentes del Medio Natural).<\/p>\n\n\n\n<p>El objetivo de esta reuni\u00f3n fue crear un espacio para intercambiar impresiones y datos sobre los primeros meses de puesta en marcha de <strong>recogida de residuos Puerta a Puerta<\/strong>, cuyos n\u00fameros (hemos pasado de un 9% de tasa media de separaci\u00f3n al 67%) sorprendieron positivamente a la subdelegada, que destac\u00f3 que esta comarca es un <strong>referente<\/strong> en toda Extremadura y en Espa\u00f1a en materia de residuos. <\/p>\n\n\n\n<p>Tras poner sobre la mesa el esfuerzo que ha conllevado por parte de todos\/as este cambio de sistema, especialmente los vecinos y vecinas de los ocho municipios de Puerta a Puerta, que con un <strong>comportamiento ejemplar<\/strong> han hecho posible estas cifras, se dio paso a un espacio de trabajo en el que todas las personas participantes ofrecieron su impresi\u00f3n y sus propuestas de mejora. <\/p>\n\n\n\n<p>Todas las partes coincidieron en que es importante trabajar para tratar de acabar con una serie de <strong>comportamientos inc\u00edvicos<\/strong>, como el abandono de bolsas en el municipio, en las cunetas o incluso en espacios naturales, siendo el principal reto en estos momentos. <\/p>\n\n\n\n<p>No se puede permitir que un <strong>peque\u00f1o porcentaje de poblaci\u00f3n<\/strong> afee y ensucie estos espacios, que son de todos\/as, y cree un perjuicio social y econ\u00f3mico general, por lo que se establecieron las bases para <strong>aunar esfuerzos y perseguir<\/strong> estas pr\u00e1cticas de abandono de residuos, que adem\u00e1s de ser poco solidarias, suponen comportamientos susceptibles de sanci\u00f3n seg\u00fan la Ley y las ordenanzas. <\/p>\n\n\n\n<p>De esta forma, para finalizar el encuentro, se puso de manifiesto la necesidad y la voluntad de <strong>todas las instituciones presentes de trabajar de forma conjunta<\/strong>, para velar por los derechos de todas las personas que cada d\u00eda hacen desde sus casas y sus negocios que el sistema de recogida de residuos funcione, y se alcancen los objetivos que indica la Ley estatal. <\/p>\n\n\n\n<p>Nuestros pueblos y su entorno es sin duda nuestro mayor tesoro, y mantenerlo, una responsabilidad compartida. <\/p>\n\n\n\n<figure class=\"wp-block-image size-full\"><img loading=\"lazy\" decoding=\"async\" width=\"720\" height=\"844\" src=\"https:\/\/www.mancomunidaddetentudia.com\/portal\/wp-content\/uploads\/2024\/10\/image-1.png\" alt=\"\" class=\"wp-image-12882\" srcset=\"https:\/\/www.mancomunidaddetentudia.com\/portal\/wp-content\/uploads\/2024\/10\/image-1.png 720w, https:\/\/www.mancomunidaddetentudia.com\/portal\/wp-content\/uploads\/2024\/10\/image-1-256x300.png 256w, https:\/\/www.mancomunidaddetentudia.com\/portal\/wp-content\/uploads\/2024\/10\/image-1-696x816.png 696w, https:\/\/www.mancomunidaddetentudia.com\/portal\/wp-content\/uploads\/2024\/10\/image-1-358x420.png 358w\" sizes=\"auto, (max-width: 720px) 100vw, 720px\" \/><\/figure>\n\n\n\n<figure class=\"wp-block-image size-full\"><img loading=\"lazy\" decoding=\"async\" width=\"720\" height=\"880\" src=\"https:\/\/www.mancomunidaddetentudia.com\/portal\/wp-content\/uploads\/2024\/10\/image-2.png\" alt=\"\" class=\"wp-image-12883\" srcset=\"https:\/\/www.mancomunidaddetentudia.com\/portal\/wp-content\/uploads\/2024\/10\/image-2.png 720w, https:\/\/www.mancomunidaddetentudia.com\/portal\/wp-content\/uploads\/2024\/10\/image-2-245x300.png 245w, https:\/\/www.mancomunidaddetentudia.com\/portal\/wp-content\/uploads\/2024\/10\/image-2-696x851.png 696w, https:\/\/www.mancomunidaddetentudia.com\/portal\/wp-content\/uploads\/2024\/10\/image-2-344x420.png 344w\" sizes=\"auto, (max-width: 720px) 100vw, 720px\" \/><\/figure>\n","protected":false},"excerpt":{"rendered":"<p>El pasado 24 de octubre, se celebr\u00f3 en Cabeza la Vaca un fruct\u00edfero encuentro entre alcaldes\/as, la subdelegada del gobierno Mar\u00eda Isabel Cort\u00e9s Gordillo, representantes de la Mancomunidad de Tentud\u00eda y los cuerpos de seguridad (Polic\u00eda Local, Guardia Civil, SEPRONA y Agentes del Medio Natural). El objetivo de esta reuni\u00f3n fue crear un espacio para [&hellip;]<\/p>\n","protected":false},"author":23,"featured_media":12884,"comment_status":"closed","ping_status":"closed","sticky":false,"template":"","format":"standard","meta":{"footnotes":""},"categories":[27,37,68,23,272,270,24],"tags":[],"class_list":{"0":"post-12880","1":"post","2":"type-post","3":"status-publish","4":"format-standard","5":"has-post-thumbnail","7":"category-actualidad","8":"category-destacados","9":"category-mancomunidad","10":"category-notas-de-prensa","11":"category-puerta-a-puerta","12":"category-recogida-de-residuos","13":"category-tablon-de-anuncios"},"_links":{"self":[{"href":"https:\/\/www.mancomunidaddetentudia.com\/portal\/wp-json\/wp\/v2\/posts\/12880","targetHints":{"allow":["GET"]}}],"collection":[{"href":"https:\/\/www.mancomunidaddetentudia.com\/portal\/wp-json\/wp\/v2\/posts"}],"about":[{"href":"https:\/\/www.mancomunidaddetentudia.com\/portal\/wp-json\/wp\/v2\/types\/post"}],"author":[{"embeddable":true,"href":"https:\/\/www.mancomunidaddetentudia.com\/portal\/wp-json\/wp\/v2\/users\/23"}],"replies":[{"embeddable":true,"href":"https:\/\/www.mancomunidaddetentudia.com\/portal\/wp-json\/wp\/v2\/comments?post=12880"}],"version-history":[{"count":1,"href":"https:\/\/www.mancomunidaddetentudia.com\/portal\/wp-json\/wp\/v2\/posts\/12880\/revisions"}],"predecessor-version":[{"id":12885,"href":"https:\/\/www.mancomunidaddetentudia.com\/portal\/wp-json\/wp\/v2\/posts\/12880\/revisions\/12885"}],"wp:featuredmedia":[{"embeddable":true,"href":"https:\/\/www.mancomunidaddetentudia.com\/portal\/wp-json\/wp\/v2\/media\/12884"}],"wp:attachment":[{"href":"https:\/\/www.mancomunidaddetentudia.com\/portal\/wp-json\/wp\/v2\/media?parent=12880"}],"wp:term":[{"taxonomy":"category","embeddable":true,"href":"https:\/\/www.mancomunidaddetentudia.com\/portal\/wp-json\/wp\/v2\/categories?post=12880"},{"taxonomy":"post_tag","embeddable":true,"href":"https:\/\/www.mancomunidaddetentudia.com\/portal\/wp-json\/wp\/v2\/tags?post=12880"}],"curies":[{"name":"wp","href":"https:\/\/api.w.org\/{rel}","templated":true}]}}