{"id":12931,"date":"2025-01-10T14:33:47","date_gmt":"2025-01-10T13:33:47","guid":{"rendered":"https:\/\/www.mancomunidaddetentudia.com\/portal\/?p=12931"},"modified":"2025-01-10T14:33:48","modified_gmt":"2025-01-10T13:33:48","slug":"la-mancomunidad-de-tentudia-promocionara-la-comarca-en-fitur-2025-de-la-mano-de-la-actriz-y-humorista-leonor-lavado","status":"publish","type":"post","link":"https:\/\/www.mancomunidaddetentudia.com\/portal\/la-mancomunidad-de-tentudia-promocionara-la-comarca-en-fitur-2025-de-la-mano-de-la-actriz-y-humorista-leonor-lavado\/","title":{"rendered":"LA MANCOMUNIDAD DE TENTUD\u00cdA PROMOCIONAR\u00c1 LA COMARCA EN FITUR 2025 DE LA MANO DE LA ACTRIZ Y HUMORISTA LEONOR LAVADO"},"content":{"rendered":"\n<p>La Mancomunidad de Tentud\u00eda estar\u00e1 presente un a\u00f1o m\u00e1s en la Feria Internacional de Turismo FITUR, concretamente en el stand de Extremadura, llevando a cabo una presentaci\u00f3n profesional que tendr\u00e1 lugar el d\u00eda 22 de enero a las 18.00 horas.<\/p>\n\n\n\n<p>En esta ocasi\u00f3n, la propuesta de los municipios mancomunados consistir\u00e1 en promocionar la comarca de Tentud\u00eda a trav\u00e9s de los ojos de una famosa actriz, humorista, presentadora y YouTuber: <em>Leonor Lavado<\/em>, cuya familia desciende de un municipio de la comarca.<\/p>\n\n\n\n<p>Conocedora y enamorada de los pueblos y rincones de Tentud\u00eda, Leonor ha participado en el video promocional que presentar\u00e1 la Mancomunidad el d\u00eda 22, transmitiendo ese cari\u00f1o y pasi\u00f3n que siente por nuestra tierra. Adem\u00e1s, acompa\u00f1ar\u00e1 a la comitiva de la entidad el d\u00eda de la presentaci\u00f3n.<\/p>\n\n\n\n<p>El slogan de la potente promoci\u00f3n que lleva este a\u00f1o la Mancomunidad al mayor escaparate tur\u00edstico de Espa\u00f1a se titula \u201c<em>Respira. Siente. Vive. Det\u00e9n tu d\u00eda<\/em>\u201d.\u00a0 Con esta apuesta, Tentudia pretende posicionarse como un destino ideal para quienes buscan experiencias aut\u00e9nticas y de calidad en un entorno natural y acogedor, que ofrecer\u00e1 sensaciones y momentos \u00fanicos que har\u00e1n que se detenga el d\u00eda.<\/p>\n\n\n\n<figure class=\"wp-block-image size-large\"><img loading=\"lazy\" decoding=\"async\" width=\"768\" height=\"1024\" src=\"https:\/\/www.mancomunidaddetentudia.com\/portal\/wp-content\/uploads\/2025\/01\/WhatsApp-Image-2024-12-03-at-12.52.08-768x1024.jpeg\" alt=\"\" class=\"wp-image-12933\" srcset=\"https:\/\/www.mancomunidaddetentudia.com\/portal\/wp-content\/uploads\/2025\/01\/WhatsApp-Image-2024-12-03-at-12.52.08-768x1024.jpeg 768w, https:\/\/www.mancomunidaddetentudia.com\/portal\/wp-content\/uploads\/2025\/01\/WhatsApp-Image-2024-12-03-at-12.52.08-225x300.jpeg 225w, https:\/\/www.mancomunidaddetentudia.com\/portal\/wp-content\/uploads\/2025\/01\/WhatsApp-Image-2024-12-03-at-12.52.08-1152x1536.jpeg 1152w, https:\/\/www.mancomunidaddetentudia.com\/portal\/wp-content\/uploads\/2025\/01\/WhatsApp-Image-2024-12-03-at-12.52.08-696x928.jpeg 696w, https:\/\/www.mancomunidaddetentudia.com\/portal\/wp-content\/uploads\/2025\/01\/WhatsApp-Image-2024-12-03-at-12.52.08-1068x1424.jpeg 1068w, https:\/\/www.mancomunidaddetentudia.com\/portal\/wp-content\/uploads\/2025\/01\/WhatsApp-Image-2024-12-03-at-12.52.08-315x420.jpeg 315w, https:\/\/www.mancomunidaddetentudia.com\/portal\/wp-content\/uploads\/2025\/01\/WhatsApp-Image-2024-12-03-at-12.52.08.jpeg 1500w\" sizes=\"auto, (max-width: 768px) 100vw, 768px\" \/><\/figure>\n","protected":false},"excerpt":{"rendered":"<p>La Mancomunidad de Tentud\u00eda estar\u00e1 presente un a\u00f1o m\u00e1s en la Feria Internacional de Turismo FITUR, concretamente en el stand de Extremadura, llevando a cabo una presentaci\u00f3n profesional que tendr\u00e1 lugar el d\u00eda 22 de enero a las 18.00 horas. En esta ocasi\u00f3n, la propuesta de los municipios mancomunados consistir\u00e1 en promocionar la comarca de [&hellip;]<\/p>\n","protected":false},"author":23,"featured_media":12932,"comment_status":"closed","ping_status":"closed","sticky":false,"template":"","format":"standard","meta":{"footnotes":""},"categories":[27,53,37,68,23,24,273],"tags":[],"class_list":{"0":"post-12931","1":"post","2":"type-post","3":"status-publish","4":"format-standard","5":"has-post-thumbnail","7":"category-actualidad","8":"category-citas-y-eventos","9":"category-destacados","10":"category-mancomunidad","11":"category-notas-de-prensa","12":"category-tablon-de-anuncios","13":"category-turismo"},"_links":{"self":[{"href":"https:\/\/www.mancomunidaddetentudia.com\/portal\/wp-json\/wp\/v2\/posts\/12931","targetHints":{"allow":["GET"]}}],"collection":[{"href":"https:\/\/www.mancomunidaddetentudia.com\/portal\/wp-json\/wp\/v2\/posts"}],"about":[{"href":"https:\/\/www.mancomunidaddetentudia.com\/portal\/wp-json\/wp\/v2\/types\/post"}],"author":[{"embeddable":true,"href":"https:\/\/www.mancomunidaddetentudia.com\/portal\/wp-json\/wp\/v2\/users\/23"}],"replies":[{"embeddable":true,"href":"https:\/\/www.mancomunidaddetentudia.com\/portal\/wp-json\/wp\/v2\/comments?post=12931"}],"version-history":[{"count":1,"href":"https:\/\/www.mancomunidaddetentudia.com\/portal\/wp-json\/wp\/v2\/posts\/12931\/revisions"}],"predecessor-version":[{"id":12934,"href":"https:\/\/www.mancomunidaddetentudia.com\/portal\/wp-json\/wp\/v2\/posts\/12931\/revisions\/12934"}],"wp:featuredmedia":[{"embeddable":true,"href":"https:\/\/www.mancomunidaddetentudia.com\/portal\/wp-json\/wp\/v2\/media\/12932"}],"wp:attachment":[{"href":"https:\/\/www.mancomunidaddetentudia.com\/portal\/wp-json\/wp\/v2\/media?parent=12931"}],"wp:term":[{"taxonomy":"category","embeddable":true,"href":"https:\/\/www.mancomunidaddetentudia.com\/portal\/wp-json\/wp\/v2\/categories?post=12931"},{"taxonomy":"post_tag","embeddable":true,"href":"https:\/\/www.mancomunidaddetentudia.com\/portal\/wp-json\/wp\/v2\/tags?post=12931"}],"curies":[{"name":"wp","href":"https:\/\/api.w.org\/{rel}","templated":true}]}}