{"id":13381,"date":"2026-09-01T11:44:21","date_gmt":"2026-09-01T10:44:21","guid":{"rendered":"https:\/\/www.mancomunidaddetentudia.com\/portal\/?p=13381"},"modified":"2026-09-01T11:44:22","modified_gmt":"2026-09-01T10:44:22","slug":"xvi-concurso-de-pintura-al-aire-libre","status":"publish","type":"post","link":"https:\/\/www.mancomunidaddetentudia.com\/portal\/xvi-concurso-de-pintura-al-aire-libre\/","title":{"rendered":"XVI CONCURSO DE PINTURA AL AIRE LIBRE"},"content":{"rendered":"\n<p>El municipio de Bodonal de la Sierra acoger\u00e1 el pr\u00f3ximo <strong>11 de octubre<\/strong> el <strong>XVI Concurso de Pintura al Aire Libre<\/strong>, una cita cultural que se celebra en el marco del <strong>XLVII D\u00eda de la Mancomunidad y Comarca de Tentud\u00eda<\/strong>.<\/p>\n\n\n\n<p>El certamen reunir\u00e1 a artistas de diferentes procedencias que plasmar\u00e1n sobre el lienzo distintos rincones, paisajes y elementos representativos de Bodonal de la Sierra, ofreciendo una particular mirada art\u00edstica sobre el municipio y su entorno.<\/p>\n\n\n\n<p>Con esta iniciativa, la celebraci\u00f3n del D\u00eda de la Mancomunidad y Comarca de Tentud\u00eda vuelve a poner en valor la <strong>cultura, el patrimonio y la riqueza paisaj\u00edstica de la comarca<\/strong>, convirtiendo las calles y espacios de Bodonal de la Sierra en un escenario abierto para la creaci\u00f3n art\u00edstica.<\/p>\n\n\n\n<p>El <strong>XVI Concurso de Pintura al Aire Libre<\/strong> se consolida as\u00ed como una de las actividades culturales destacadas de esta jornada de convivencia comarcal, que reunir\u00e1 a vecinos y visitantes para celebrar los valores y la identidad compartida de la <strong>Mancomunidad y Comarca de Tentud\u00eda<\/strong>.<\/p>\n\n\n\n<p><strong><em>Bases del concurso<\/em><\/strong>: <\/p>\n\n\n\n<div data-wp-interactive=\"core\/file\" class=\"wp-block-file\"><object data-wp-bind--hidden=\"!state.hasPdfPreview\" hidden class=\"wp-block-file__embed\" data=\"https:\/\/www.mancomunidaddetentudia.com\/portal\/wp-content\/uploads\/2026\/09\/Bases-XVI-concurso-pintura-al-aire-libre-2026.pdf\" type=\"application\/pdf\" style=\"width:100%;height:600px\" aria-label=\"Incrustado de Bases XVI concurso pintura al aire libre 2026.\"><\/object><a id=\"wp-block-file--media-f18cd0e7-2644-4996-8b04-2afd14b3aa2a\" href=\"https:\/\/www.mancomunidaddetentudia.com\/portal\/wp-content\/uploads\/2026\/09\/Bases-XVI-concurso-pintura-al-aire-libre-2026.pdf\">Bases XVI concurso pintura al aire libre 2026<\/a><a href=\"https:\/\/www.mancomunidaddetentudia.com\/portal\/wp-content\/uploads\/2026\/09\/Bases-XVI-concurso-pintura-al-aire-libre-2026.pdf\" class=\"wp-block-file__button wp-element-button\" download aria-describedby=\"wp-block-file--media-f18cd0e7-2644-4996-8b04-2afd14b3aa2a\">Descarga<\/a><\/div>\n\n\n\n<p><strong><em>Formulario de inscripci\u00f3n<\/em><\/strong>: <\/p>\n\n\n\n<div data-wp-interactive=\"core\/file\" class=\"wp-block-file\"><object data-wp-bind--hidden=\"!state.hasPdfPreview\" hidden class=\"wp-block-file__embed\" data=\"https:\/\/www.mancomunidaddetentudia.com\/portal\/wp-content\/uploads\/2026\/09\/Formulario-inscripcion-PINTURA-2026.pdf\" type=\"application\/pdf\" style=\"width:100%;height:600px\" aria-label=\"Incrustado de Formulario inscripci\u00f3n PINTURA 2026.\"><\/object><a id=\"wp-block-file--media-3b65839e-e038-4c67-8774-a42bd0349453\" href=\"https:\/\/www.mancomunidaddetentudia.com\/portal\/wp-content\/uploads\/2026\/09\/Formulario-inscripcion-PINTURA-2026.pdf\">Formulario inscripci\u00f3n PINTURA 2026<\/a><a href=\"https:\/\/www.mancomunidaddetentudia.com\/portal\/wp-content\/uploads\/2026\/09\/Formulario-inscripcion-PINTURA-2026.pdf\" class=\"wp-block-file__button wp-element-button\" download aria-describedby=\"wp-block-file--media-3b65839e-e038-4c67-8774-a42bd0349453\">Descarga<\/a><\/div>\n","protected":false},"excerpt":{"rendered":"<p>El municipio de Bodonal de la Sierra acoger\u00e1 el pr\u00f3ximo 11 de octubre el XVI Concurso de Pintura al Aire Libre, una cita cultural que se celebra en el marco del XLVII D\u00eda de la Mancomunidad y Comarca de Tentud\u00eda. El certamen reunir\u00e1 a artistas de diferentes procedencias que plasmar\u00e1n sobre el lienzo distintos rincones, [&hellip;]<\/p>\n","protected":false},"author":23,"featured_media":13384,"comment_status":"closed","ping_status":"closed","sticky":false,"template":"","format":"standard","meta":{"footnotes":""},"categories":[27,53,37,68,23,24,273],"tags":[],"class_list":{"0":"post-13381","1":"post","2":"type-post","3":"status-publish","4":"format-standard","5":"has-post-thumbnail","7":"category-actualidad","8":"category-citas-y-eventos","9":"category-destacados","10":"category-mancomunidad","11":"category-notas-de-prensa","12":"category-tablon-de-anuncios","13":"category-turismo"},"_links":{"self":[{"href":"https:\/\/www.mancomunidaddetentudia.com\/portal\/wp-json\/wp\/v2\/posts\/13381","targetHints":{"allow":["GET"]}}],"collection":[{"href":"https:\/\/www.mancomunidaddetentudia.com\/portal\/wp-json\/wp\/v2\/posts"}],"about":[{"href":"https:\/\/www.mancomunidaddetentudia.com\/portal\/wp-json\/wp\/v2\/types\/post"}],"author":[{"embeddable":true,"href":"https:\/\/www.mancomunidaddetentudia.com\/portal\/wp-json\/wp\/v2\/users\/23"}],"replies":[{"embeddable":true,"href":"https:\/\/www.mancomunidaddetentudia.com\/portal\/wp-json\/wp\/v2\/comments?post=13381"}],"version-history":[{"count":1,"href":"https:\/\/www.mancomunidaddetentudia.com\/portal\/wp-json\/wp\/v2\/posts\/13381\/revisions"}],"predecessor-version":[{"id":13385,"href":"https:\/\/www.mancomunidaddetentudia.com\/portal\/wp-json\/wp\/v2\/posts\/13381\/revisions\/13385"}],"wp:featuredmedia":[{"embeddable":true,"href":"https:\/\/www.mancomunidaddetentudia.com\/portal\/wp-json\/wp\/v2\/media\/13384"}],"wp:attachment":[{"href":"https:\/\/www.mancomunidaddetentudia.com\/portal\/wp-json\/wp\/v2\/media?parent=13381"}],"wp:term":[{"taxonomy":"category","embeddable":true,"href":"https:\/\/www.mancomunidaddetentudia.com\/portal\/wp-json\/wp\/v2\/categories?post=13381"},{"taxonomy":"post_tag","embeddable":true,"href":"https:\/\/www.mancomunidaddetentudia.com\/portal\/wp-json\/wp\/v2\/tags?post=13381"}],"curies":[{"name":"wp","href":"https:\/\/api.w.org\/{rel}","templated":true}]}}