{"id":7866,"date":"2016-06-10T10:04:37","date_gmt":"2016-06-10T09:04:37","guid":{"rendered":"http:\/\/www.mancomunidaddetentudia.com\/portal\/?p=7866"},"modified":"2017-07-03T09:32:12","modified_gmt":"2017-07-03T08:32:12","slug":"programa-dia-mancomunidad-2016","status":"publish","type":"post","link":"https:\/\/www.mancomunidaddetentudia.com\/portal\/programa-dia-mancomunidad-2016\/","title":{"rendered":"Programa D\u00eda Mancomunidad 2016"},"content":{"rendered":"<p>XL D\u00cdA DE LA MANCOMUNIDAD Y DE LA COMARCA DE TENTUD\u00cdA<\/p>\n<p>MONASTERIO DE TENTUD\u00cdA, 24 Y 25 DE JUNIO DE 2016<\/p>\n<p>PROGRAMA DE ACTOS<br \/>\nVIERNES 24 DE JUNIO DE 2016. ACTIVIDADES DEPORTIVAS PARA NI\u00d1OS Y NI\u00d1AS. CALERA DE LE\u00d3N<br \/>\n9.30h: Llegada de autobuses y recepci\u00f3n de ni\u00f1os y ni\u00f1as. Calera de Le\u00f3n.<br \/>\n10.00h: Actividades a cargo del Servicio de Dinamizaci\u00f3n Deportiva de la Mancomunidad de Tentud\u00eda:<br \/>\nF\u00fatbol 7, Baloncesto, Balonmano y otros.<br \/>\n13.00h: Actividades acu\u00e1ticas en la Piscina Municipal (aquaerobic, aquagym, ejercicios saludables\u2026)<br \/>\n18:00h: Fin de la jornada.<br \/>\nS\u00c1BADO 25 DE JUNIO DE 2016. ENTORNO DEL MONASTERIO DE TENTUD\u00cdA.<br \/>\n9.00h: Inicio del IX Concurso de Pintura al Aire Libre \u201cMancomunidad de Tentud\u00eda\u201d.<br \/>\n9.30h: Ruta de senderismo \u201c40 Aniversario Mancomunidad de Tentud\u00eda\u201d. (Programa aparte).<br \/>\n10.30h: Triangular de f\u00fatbol de Veteranos. Lugar; Campo de c\u00e9sped Estadio Municipal de Monesterio. Servicio de Dinamizaci\u00f3n Deportiva.<br \/>\n11.30h: Recogida de los distintos municipios de las personas asistentes para la subida a Tentud\u00eda.<br \/>\n12.30h: Muestra y pr\u00e1ctica de los m\u00e1s representativos Juegos Populares de los municipios de la Comarca de Tentud\u00eda, a cargo del alumnado del Curso F.P.D @prendizext de Dinamizaci\u00f3n de actividades de tiempo libre, educativo, infantil y juvenil \u201cSierra La Capitana V\u201d, de la localidad de Bienvenida.<br \/>\n13.00h: Apertura de Stands. Comienzo de la muestra gastron\u00f3mica de la Comarca de Tentud\u00eda.<br \/>\n13.00h: Comienzo de las actuaciones musicales en la carpa. Ver orden de actuaciones en programa aparte.<br \/>\n13.30h: Finalizaci\u00f3n del IX Concurso de Pintura al Aire Libre \u201cMancomunidad de Tentud\u00eda\u201d.<br \/>\n15.00h: Acto institucional a cargo de la Excma. Presidenta de la Mancomunidad de Tentud\u00eda y alcald\u00edas de los municipios. Entrega de premios del IX Concurso de pintura y homenajes al \u201cAbuelo y Abuela de la Mancomunidad de Tentud\u00eda\u201d.<br \/>\n19.30h: Regreso de los autobuses.<br \/>\n21.30h: Fin de los actos.<\/p>\n<p>EXPOSICIONES Y VISITAS AL MONASTERIO DE TENTUD\u00cdA<br \/>\nExposici\u00f3n de obras presentadas al IX Concurso de Pintura al Aire Libre \u201cMancomunidad de Tentud\u00eda\u201d en el Claustro del Monasterio de Tentud\u00eda durante todo el d\u00eda.<br \/>\nEstar\u00e1n expuestas al p\u00fablico en el Conventual Santiaguista de Calera de Le\u00f3n del 27 de junio hasta el d\u00eda 3 de julio.<br \/>\nLa celebraci\u00f3n del concurso de pintura estar\u00e1 sujeta a que haya un m\u00ednimo de participantes establecidos. (Ver programa aparte).<br \/>\nDurante todo el d\u00eda 25, permanecer\u00e1 abierto el Monasterio de Tentud\u00eda con entrada libre y gratuita al mismo.<br \/>\nA las 12.00h, 13.00h y 16.00h habr\u00e1 visitas guiadas con un n\u00famero m\u00e1ximo de 30 personas en cada una de ellas.<br \/>\nLa Mancomunidad de Tentud\u00eda pondr\u00e1 autobuses gratuitos para todas las personas que quieran desplazarse a los actos del d\u00eda 25 desde sus correspondientes municipios.<br \/>\nLa salida de los AUTOBUSES para las personas interesadas se har\u00e1 por la ma\u00f1ana desde cada localidad. Para apuntarse y ver el lugar y hora de salida tendr\u00e1 que dir\u00edjirsease al Centro Cultural o Casa de la Cultura de su municipio. Inscripciones: hasta la 13.00 h. del Mi\u00e9rcoles 22 de Junio.<\/p>\n<p>COLABORAN: Ayuntamientos de: Bienvenida, Bodonal de la Sierra, Cabeza la Vaca, Calera de Le\u00f3n, Fregenal de la Sierra, Fuente de Cantos, Fuentes de Le\u00f3n, Monesterio, Montemol\u00edn , Pallares , Santa Mar\u00eda de Navas y Segura de Le\u00f3n.<br \/>\nAsociaciones de Calera de Le\u00f3n (Mujeres Progresistas y JUDECU. Curso de Cocina del Excmo. Ayuntamiento de Monesterio. Curso de FPD @prendizext \u201cSierra La Capitana V\u201d, Bienvenida.<\/p>\n<p>&nbsp;<\/p>\n<p>&nbsp;<\/p>\n<p>&nbsp;<\/p>\n<p>&nbsp;<\/p>\n<p>&nbsp;<\/p>\n<p>&nbsp;<\/p>\n<p>&nbsp;<\/p>\n<p>&nbsp;<\/p>\n<p>&nbsp;<\/p>\n<p>&nbsp;<\/p>\n<p>&nbsp;<\/p>\n<p>&nbsp;<\/p>\n<p>&nbsp;<\/p>\n<p>&nbsp;<\/p>\n<p>&nbsp;<\/p>\n<p>&nbsp;<\/p>\n<p>&nbsp;<\/p>\n<p>&nbsp;<\/p>\n<p>&nbsp;<\/p>\n<p>&nbsp;<\/p>\n<p>&nbsp;<\/p>\n<p>&nbsp;<\/p>\n<p>&nbsp;<\/p>\n<p>&nbsp;<\/p>\n<p>&nbsp;<\/p>\n<p>&nbsp;<\/p>\n<p>&nbsp;<\/p>\n<p>&nbsp;<\/p>\n<p>&nbsp;<\/p>\n<p>&nbsp;<\/p>\n<p>&nbsp;<\/p>\n<p>&nbsp;<\/p>\n<p>&nbsp;<\/p>\n<p>&nbsp;<\/p>\n<p>&nbsp;<\/p>\n<p>&nbsp;<\/p>\n<p>&nbsp;<\/p>\n<p>&nbsp;<\/p>\n<p>&nbsp;<\/p>\n<p>&nbsp;<\/p>\n<p>&nbsp;<\/p>\n<p>&nbsp;<\/p>\n<p>&nbsp;<\/p>\n<p>&nbsp;<\/p>\n<p>&nbsp;<\/p>\n","protected":false},"excerpt":{"rendered":"<p>XL D\u00cdA DE LA MANCOMUNIDAD Y DE LA COMARCA DE TENTUD\u00cdA MONASTERIO DE TENTUD\u00cdA, 24 Y 25 DE JUNIO DE 2016 PROGRAMA DE ACTOS VIERNES 24 DE JUNIO DE 2016. ACTIVIDADES DEPORTIVAS PARA NI\u00d1OS Y NI\u00d1AS. CALERA DE LE\u00d3N 9.30h: Llegada de autobuses y recepci\u00f3n de ni\u00f1os y ni\u00f1as. Calera de Le\u00f3n. 10.00h: Actividades a [&hellip;]<\/p>\n","protected":false},"author":1,"featured_media":7686,"comment_status":"closed","ping_status":"closed","sticky":false,"template":"","format":"standard","meta":{"footnotes":""},"categories":[27],"tags":[],"class_list":{"0":"post-7866","1":"post","2":"type-post","3":"status-publish","4":"format-standard","5":"has-post-thumbnail","7":"category-actualidad"},"_links":{"self":[{"href":"https:\/\/www.mancomunidaddetentudia.com\/portal\/wp-json\/wp\/v2\/posts\/7866","targetHints":{"allow":["GET"]}}],"collection":[{"href":"https:\/\/www.mancomunidaddetentudia.com\/portal\/wp-json\/wp\/v2\/posts"}],"about":[{"href":"https:\/\/www.mancomunidaddetentudia.com\/portal\/wp-json\/wp\/v2\/types\/post"}],"author":[{"embeddable":true,"href":"https:\/\/www.mancomunidaddetentudia.com\/portal\/wp-json\/wp\/v2\/users\/1"}],"replies":[{"embeddable":true,"href":"https:\/\/www.mancomunidaddetentudia.com\/portal\/wp-json\/wp\/v2\/comments?post=7866"}],"version-history":[{"count":8,"href":"https:\/\/www.mancomunidaddetentudia.com\/portal\/wp-json\/wp\/v2\/posts\/7866\/revisions"}],"predecessor-version":[{"id":7893,"href":"https:\/\/www.mancomunidaddetentudia.com\/portal\/wp-json\/wp\/v2\/posts\/7866\/revisions\/7893"}],"wp:featuredmedia":[{"embeddable":true,"href":"https:\/\/www.mancomunidaddetentudia.com\/portal\/wp-json\/wp\/v2\/media\/7686"}],"wp:attachment":[{"href":"https:\/\/www.mancomunidaddetentudia.com\/portal\/wp-json\/wp\/v2\/media?parent=7866"}],"wp:term":[{"taxonomy":"category","embeddable":true,"href":"https:\/\/www.mancomunidaddetentudia.com\/portal\/wp-json\/wp\/v2\/categories?post=7866"},{"taxonomy":"post_tag","embeddable":true,"href":"https:\/\/www.mancomunidaddetentudia.com\/portal\/wp-json\/wp\/v2\/tags?post=7866"}],"curies":[{"name":"wp","href":"https:\/\/api.w.org\/{rel}","templated":true}]}}