{"id":8205,"date":"2017-07-01T00:21:01","date_gmt":"2017-06-30T23:21:01","guid":{"rendered":"http:\/\/www.mancomunidaddetentudia.com\/portal\/?p=8205"},"modified":"2017-07-01T00:21:01","modified_gmt":"2017-06-30T23:21:01","slug":"paula-y-jose-abuelos-de-la-comarca","status":"publish","type":"post","link":"https:\/\/www.mancomunidaddetentudia.com\/portal\/paula-y-jose-abuelos-de-la-comarca\/","title":{"rendered":"PAULA Y JOS\u00c9, ABUELOS DE LA COMARCA"},"content":{"rendered":"<p>Como viene siendo tradicional, en la XLI edici\u00f3n del D\u00eda de la Mancomunidad de Tentud\u00eda no falt\u00f3 el homenaje a los mayores.<br \/>\nEn esta ocasi\u00f3n el reconocimiento de los vecinos y vecinas de la comarca fue para Paula y Jos\u00e9.<br \/>\nPaula Mart\u00edn Giles, con 95 a\u00f1os reci\u00e9n cumplidos, natural de Fuentes de Le\u00f3n, y con cinco bisnietos, recibi\u00f3 el reconocimiento de su alcalde y a la vez anfitri\u00f3n de este d\u00eda de convivencia, Francisco Mart\u00ednez.<span class=\"text_exposed_show\"><br \/>\nPor su parte, a Jos\u00e9 S\u00e1nchez Mac\u00edas, con 94 a\u00f1os pero ya muy cerca de los 95, natural de Cabeza la Vaca, con tres bisnietos, le entreg\u00f3 el nombramiento su alcaldesa Rosa Fabi\u00e1n.<br \/>\nAmbos, abuelo y abuela, demostraron estar en muy buena forma y con ganas de seguir disfrutando de la fiesta comarcal.<\/span><\/p>\n","protected":false},"excerpt":{"rendered":"<p>Como viene siendo tradicional, en la XLI edici\u00f3n del D\u00eda de la Mancomunidad de Tentud\u00eda no falt\u00f3 el homenaje a los mayores. En esta ocasi\u00f3n el reconocimiento de los vecinos y vecinas de la comarca fue para Paula y Jos\u00e9. Paula Mart\u00edn Giles, con 95 a\u00f1os reci\u00e9n cumplidos, natural de Fuentes de Le\u00f3n, y con [&hellip;]<\/p>\n","protected":false},"author":1,"featured_media":8206,"comment_status":"open","ping_status":"open","sticky":false,"template":"","format":"standard","meta":{"footnotes":""},"categories":[27],"tags":[],"class_list":{"0":"post-8205","1":"post","2":"type-post","3":"status-publish","4":"format-standard","5":"has-post-thumbnail","7":"category-actualidad"},"_links":{"self":[{"href":"https:\/\/www.mancomunidaddetentudia.com\/portal\/wp-json\/wp\/v2\/posts\/8205","targetHints":{"allow":["GET"]}}],"collection":[{"href":"https:\/\/www.mancomunidaddetentudia.com\/portal\/wp-json\/wp\/v2\/posts"}],"about":[{"href":"https:\/\/www.mancomunidaddetentudia.com\/portal\/wp-json\/wp\/v2\/types\/post"}],"author":[{"embeddable":true,"href":"https:\/\/www.mancomunidaddetentudia.com\/portal\/wp-json\/wp\/v2\/users\/1"}],"replies":[{"embeddable":true,"href":"https:\/\/www.mancomunidaddetentudia.com\/portal\/wp-json\/wp\/v2\/comments?post=8205"}],"version-history":[{"count":1,"href":"https:\/\/www.mancomunidaddetentudia.com\/portal\/wp-json\/wp\/v2\/posts\/8205\/revisions"}],"predecessor-version":[{"id":8207,"href":"https:\/\/www.mancomunidaddetentudia.com\/portal\/wp-json\/wp\/v2\/posts\/8205\/revisions\/8207"}],"wp:featuredmedia":[{"embeddable":true,"href":"https:\/\/www.mancomunidaddetentudia.com\/portal\/wp-json\/wp\/v2\/media\/8206"}],"wp:attachment":[{"href":"https:\/\/www.mancomunidaddetentudia.com\/portal\/wp-json\/wp\/v2\/media?parent=8205"}],"wp:term":[{"taxonomy":"category","embeddable":true,"href":"https:\/\/www.mancomunidaddetentudia.com\/portal\/wp-json\/wp\/v2\/categories?post=8205"},{"taxonomy":"post_tag","embeddable":true,"href":"https:\/\/www.mancomunidaddetentudia.com\/portal\/wp-json\/wp\/v2\/tags?post=8205"}],"curies":[{"name":"wp","href":"https:\/\/api.w.org\/{rel}","templated":true}]}}