{"id":8208,"date":"2017-07-01T00:26:40","date_gmt":"2017-06-30T23:26:40","guid":{"rendered":"http:\/\/www.mancomunidaddetentudia.com\/portal\/?p=8208"},"modified":"2017-07-01T00:26:40","modified_gmt":"2017-06-30T23:26:40","slug":"todo-preparado-para-el-slalom-automovilistico-01072017","status":"publish","type":"post","link":"https:\/\/www.mancomunidaddetentudia.com\/portal\/todo-preparado-para-el-slalom-automovilistico-01072017\/","title":{"rendered":"Todo preparado para el slalom automovil\u00edstico. 01\/07\/2017"},"content":{"rendered":"<p><strong>La prueba organizada por el motor club \u2018Rum Rum\u2019 tendr\u00e1 lugar este s\u00e1bado, en jornada de tarde.<\/strong><\/p>\n<p>El Motor Club \u2018Rum Rum\u2019 no para. Desde que se tom\u00f3 la decisi\u00f3n de asumir la organizaci\u00f3n del slalom Ciudad de Fuente de Cantos, que este a\u00f1o celebra su cuarta edici\u00f3n, ha buscado la forma de atraer a m\u00e1s personas al mundo del motor. Una de las innovaciones de este a\u00f1o va precisamente en ese sentido. El slalom se celebrar\u00e1, como siempre, en el recinto ferial, pero cambia de horario y d\u00eda: ser\u00e1 el s\u00e1bado y arrancar\u00e1 en la tarde-noche, de manera que la segunda manga se realizar\u00e1 con luz artificial.<\/p>\n<p>\u201cCreemos que as\u00ed atraeremos m\u00e1s gente, porque no har\u00e1 tanto calor, y adem\u00e1s no iremos tan presionados por el tiempo como cuando se hace en domingo\u201d, explic\u00f3 Juli\u00e1n M\u00e1rquez, presidente del club. Para esta prueba se han inscrito 27 participantes, entre ellos el piloto local V\u00edctor Mart\u00ednez y el campe\u00f3n de Extremadura Jos\u00e9 Mar\u00eda Ruiz \u2018Crosantero\u2019. La prueba es puntuable para el Campeonato de Extremadura.<\/p>\n<p>Los motores empezar\u00e1n a rugir a las 17.00 horas con el reconocimiento del circuito. Luego, alrededor de las 19.00 horas tendr\u00e1 lugar la manga de entrenamientos. Hora y media despu\u00e9s la cosa se pone seria, con la disputa de la primera manga.<\/p>\n<p>La segunda se celebrar\u00e1 a las 22.00 horas.<\/p>\n<p>El sistema de clasificaci\u00f3n es el habitual, es decir, se tomar\u00e1 a cada piloto el mejor tiempo de las dos mangas<\/p>\n","protected":false},"excerpt":{"rendered":"<p>La prueba organizada por el motor club \u2018Rum Rum\u2019 tendr\u00e1 lugar este s\u00e1bado, en jornada de tarde. El Motor Club \u2018Rum Rum\u2019 no para. Desde que se tom\u00f3 la decisi\u00f3n de asumir la organizaci\u00f3n del slalom Ciudad de Fuente de Cantos, que este a\u00f1o celebra su cuarta edici\u00f3n, ha buscado la forma de atraer a [&hellip;]<\/p>\n","protected":false},"author":1,"featured_media":0,"comment_status":"open","ping_status":"open","sticky":false,"template":"","format":"standard","meta":{"footnotes":""},"categories":[53],"tags":[],"class_list":{"0":"post-8208","1":"post","2":"type-post","3":"status-publish","4":"format-standard","6":"category-citas-y-eventos"},"_links":{"self":[{"href":"https:\/\/www.mancomunidaddetentudia.com\/portal\/wp-json\/wp\/v2\/posts\/8208","targetHints":{"allow":["GET"]}}],"collection":[{"href":"https:\/\/www.mancomunidaddetentudia.com\/portal\/wp-json\/wp\/v2\/posts"}],"about":[{"href":"https:\/\/www.mancomunidaddetentudia.com\/portal\/wp-json\/wp\/v2\/types\/post"}],"author":[{"embeddable":true,"href":"https:\/\/www.mancomunidaddetentudia.com\/portal\/wp-json\/wp\/v2\/users\/1"}],"replies":[{"embeddable":true,"href":"https:\/\/www.mancomunidaddetentudia.com\/portal\/wp-json\/wp\/v2\/comments?post=8208"}],"version-history":[{"count":1,"href":"https:\/\/www.mancomunidaddetentudia.com\/portal\/wp-json\/wp\/v2\/posts\/8208\/revisions"}],"predecessor-version":[{"id":8210,"href":"https:\/\/www.mancomunidaddetentudia.com\/portal\/wp-json\/wp\/v2\/posts\/8208\/revisions\/8210"}],"wp:attachment":[{"href":"https:\/\/www.mancomunidaddetentudia.com\/portal\/wp-json\/wp\/v2\/media?parent=8208"}],"wp:term":[{"taxonomy":"category","embeddable":true,"href":"https:\/\/www.mancomunidaddetentudia.com\/portal\/wp-json\/wp\/v2\/categories?post=8208"},{"taxonomy":"post_tag","embeddable":true,"href":"https:\/\/www.mancomunidaddetentudia.com\/portal\/wp-json\/wp\/v2\/tags?post=8208"}],"curies":[{"name":"wp","href":"https:\/\/api.w.org\/{rel}","templated":true}]}}