{"id":8217,"date":"2017-07-01T11:24:56","date_gmt":"2017-07-01T10:24:56","guid":{"rendered":"http:\/\/www.mancomunidaddetentudia.com\/portal\/?p=8217"},"modified":"2017-07-03T11:13:09","modified_gmt":"2017-07-03T10:13:09","slug":"tentudia-vive-una-jornada-de-convivencia-y-diversion-en-el-dia-de-la-mancomunidad","status":"publish","type":"post","link":"https:\/\/www.mancomunidaddetentudia.com\/portal\/tentudia-vive-una-jornada-de-convivencia-y-diversion-en-el-dia-de-la-mancomunidad\/","title":{"rendered":"TENTUD\u00cdA VIVE UNA JORNADA DE CONVIVENCIA Y DIVERSI\u00d3N EN EL D\u00cdA DE LA MANCOMUNIDAD"},"content":{"rendered":"<p>Pasadas las 11.00 comenzaban a Fuentes de Le\u00f3n, en esta ocasi\u00f3n centro de la comarca, los autobuses provenientes de las distintas poblaciones, cargados de vecinos dispuestos a pasar un d\u00eda de convivencia y diversi\u00f3n. Inmediatamente, y tras aprovisionarse de agua y un abanico puestos a su disposici\u00f3n por la organizaci\u00f3n, se dirig\u00edan a la plaza de toros para disfrutar el espect\u00e1culo de baile y arte ecuestre protagonizado por la escuela de baile de Tamara M\u00e9ndez y el jinete y la amazona del grupo ecuestre \u00c1lvaro Marr\u00f3n Santamar\u00eda.<\/p>\n<p>Finalizado el espect\u00e1culo, que el p\u00fablico supo apreciar en todo su valor, la comitiva, que ya superaba las 600 personas, segu\u00eda los animados pasos de la charanga Tropic\u00e1n para desembocar en la plaza de Espa\u00f1a y cobijarse en la gran carpa instalada all\u00ed.<\/p>\n<p><img loading=\"lazy\" decoding=\"async\" class=\"alignnone size-medium wp-image-8219 alignright\" src=\"http:\/\/www.mancomunidaddetentudia.com\/portal\/wp-content\/uploads\/2017\/07\/DSC_2090-300x201.jpg\" alt=\"\" width=\"300\" height=\"201\" \/><\/p>\n<p>Minutos despu\u00e9s arrancaba el acto institucional, en el que participaron representantes de la mayor parte de los ayuntamientos de la Mancomunidad. Tom\u00f3 la palabra como anfitri\u00f3n Francisco Mart\u00ednez, quien agradeci\u00f3 la presencia de todos los vecinos y declar\u00f3 el orgullo de su localidad por acoger esta jornada. En su alocuci\u00f3n no falt\u00f3 una referencia solidaria al pueblo portugu\u00e9s por la tragedia que ha provocado el devastador incendio de hace unos d\u00edas.<\/p>\n<p>Seguidamente, Mercedes D\u00edaz, alcaldesa de Calera de Le\u00f3n y presidenta de la Mancomunidad, tras una referencia de p\u00e9same y solidaridad al vecino Portugal, declar\u00f3 su satisfacci\u00f3n por el recibimiento que Fuentes de Le\u00f3n daba a las gentes venidas de toda la comarca. D\u00edaz a\u00f1adi\u00f3 que la funci\u00f3n que se le ha encomendado como presidenta de esta entidad comarcal es \u201cmejorar la vida de la gente y luchar contra la despoblaci\u00f3n\u201d. Para ello, se\u00f1al\u00f3, se van a mejorar servicios como los programas de familias e igualdad, la oficina del consumidor, las acciones formativas y los servicios de recogida de residuos y abastecimiento de aguas, y se incorporar\u00e1n otros como la oficina urban\u00edstica.<\/p>\n<p>Adem\u00e1s, explic\u00f3, est\u00e1 dando sus primeros pasos el Programa Estrat\u00e9gico de Turismo, \u201cporque Tentud\u00eda es un tesoro por descubrir, y poner en valor nuestro patrimonio hist\u00f3rico y natural, nuestra gastronom\u00eda y costumbres es una oportunidad para generar riqueza y abrir posibilidades de empleo que fijen poblaci\u00f3n\u201d. Por ello, D\u00edaz llam\u00f3 a todos los vecinos \u201ca sentir este programa como algo vuestro, como un empe\u00f1o com\u00fan de todos nuestros pueblos\u201d.<\/p>\n<p><img loading=\"lazy\" decoding=\"async\" class=\"wp-image-8220 alignleft\" src=\"http:\/\/www.mancomunidaddetentudia.com\/portal\/wp-content\/uploads\/2017\/07\/DSC_2117-300x153.jpg\" alt=\"\" width=\"445\" height=\"227\" \/><\/p>\n<p>Tras el acto institucional lleg\u00f3 uno de los momentos m\u00e1s emotivos, con el homenaje a los \u2018abuelos\u2019 de la Mancomunidad. En esta edici\u00f3n, el homenaje recay\u00f3 en Paula Mart\u00edn Giles, de Fuentes de Le\u00f3n, que acaba de cumplir 95 a\u00f1os, y Jos\u00e9 S\u00e1nchez Mac\u00edas, de Cabeza la Vaca, que los cumplir\u00e1 en unos d\u00edas.<\/p>\n<p>Luego se entregaron los premios del concurso de pintura al aire libre. El m\u00e1ximo galard\u00f3n recay\u00f3 en el frexnense Francisco Javier Fern\u00e1ndez. El segundo fue para la artista Cristina D\u00edaz, y el tercero para Pablo Rodr\u00edguez. Adem\u00e1s, la Mancomunidad compr\u00f3 las obras presentadas por Francisco Mart\u00edn, Jos\u00e9 Ruiz y Antonio Langoyo.<\/p>\n<p>Y, por fin, la comida: dos grandes paellas y guisos de carne, que siendo de la comarca que es no puede ser m\u00e1s que magn\u00edfica, ambos platos preparados por Tentud\u00eda Gastron\u00f3mica, ayudaron a reponer fuerzas para afrontar lo que a\u00fan quedaba de jornada.<\/p>\n<p><img loading=\"lazy\" decoding=\"async\" class=\"size-medium wp-image-8221 alignright\" src=\"http:\/\/www.mancomunidaddetentudia.com\/portal\/wp-content\/uploads\/2017\/07\/DSC_2144-228x300.jpg\" alt=\"\" width=\"228\" height=\"300\" \/><\/p>\n<p>Y lo que quedaba era la actuaci\u00f3n de Alberto Moreno, con el acompa\u00f1amiento de la degustaci\u00f3n de dulces t\u00edpicos, y como fin de fiesta la actuaci\u00f3n musical de Amapolas Band, para los m\u00e1s bailones, antes de regresar a sus puntos de origen.<\/p>\n","protected":false},"excerpt":{"rendered":"<p>Pasadas las 11.00 comenzaban a Fuentes de Le\u00f3n, en esta ocasi\u00f3n centro de la comarca, los autobuses provenientes de las distintas poblaciones, cargados de vecinos dispuestos a pasar un d\u00eda de convivencia y diversi\u00f3n. Inmediatamente, y tras aprovisionarse de agua y un abanico puestos a su disposici\u00f3n por la organizaci\u00f3n, se dirig\u00edan a la plaza [&hellip;]<\/p>\n","protected":false},"author":15,"featured_media":0,"comment_status":"open","ping_status":"open","sticky":false,"template":"","format":"standard","meta":{"footnotes":""},"categories":[27,53,23],"tags":[54,56],"class_list":{"0":"post-8217","1":"post","2":"type-post","3":"status-publish","4":"format-standard","6":"category-actualidad","7":"category-citas-y-eventos","8":"category-notas-de-prensa","9":"tag-fuentes-de-leon","10":"tag-mancomunidad"},"_links":{"self":[{"href":"https:\/\/www.mancomunidaddetentudia.com\/portal\/wp-json\/wp\/v2\/posts\/8217","targetHints":{"allow":["GET"]}}],"collection":[{"href":"https:\/\/www.mancomunidaddetentudia.com\/portal\/wp-json\/wp\/v2\/posts"}],"about":[{"href":"https:\/\/www.mancomunidaddetentudia.com\/portal\/wp-json\/wp\/v2\/types\/post"}],"author":[{"embeddable":true,"href":"https:\/\/www.mancomunidaddetentudia.com\/portal\/wp-json\/wp\/v2\/users\/15"}],"replies":[{"embeddable":true,"href":"https:\/\/www.mancomunidaddetentudia.com\/portal\/wp-json\/wp\/v2\/comments?post=8217"}],"version-history":[{"count":1,"href":"https:\/\/www.mancomunidaddetentudia.com\/portal\/wp-json\/wp\/v2\/posts\/8217\/revisions"}],"predecessor-version":[{"id":8222,"href":"https:\/\/www.mancomunidaddetentudia.com\/portal\/wp-json\/wp\/v2\/posts\/8217\/revisions\/8222"}],"wp:attachment":[{"href":"https:\/\/www.mancomunidaddetentudia.com\/portal\/wp-json\/wp\/v2\/media?parent=8217"}],"wp:term":[{"taxonomy":"category","embeddable":true,"href":"https:\/\/www.mancomunidaddetentudia.com\/portal\/wp-json\/wp\/v2\/categories?post=8217"},{"taxonomy":"post_tag","embeddable":true,"href":"https:\/\/www.mancomunidaddetentudia.com\/portal\/wp-json\/wp\/v2\/tags?post=8217"}],"curies":[{"name":"wp","href":"https:\/\/api.w.org\/{rel}","templated":true}]}}