{"id":8237,"date":"2017-07-03T12:05:29","date_gmt":"2017-07-03T11:05:29","guid":{"rendered":"http:\/\/www.mancomunidaddetentudia.com\/portal\/?p=8237"},"modified":"2017-07-03T13:06:09","modified_gmt":"2017-07-03T12:06:09","slug":"cuatro-estaciones-un-destino-aglutinara-la-oferta-turistica-de-tentudia","status":"publish","type":"post","link":"https:\/\/www.mancomunidaddetentudia.com\/portal\/cuatro-estaciones-un-destino-aglutinara-la-oferta-turistica-de-tentudia\/","title":{"rendered":"\u2018CUATRO ESTACIONES, UN DESTINO\u2019 AGLUTINAR\u00c1 LA OFERTA TUR\u00cdSTICA DE TENTUD\u00cdA"},"content":{"rendered":"<p>El monumento natural de las Cuevas de Fuentes de Le\u00f3n acogi\u00f3 las Jornadas de Turismo de Naturaleza, en el seno de las cuales se presentaron las l\u00edneas generales del nuevo Plan Estrat\u00e9gico de Turismo (PET) de la Mancomunidad de Tentud\u00eda, un documento base para el desarrollo de actuaciones que consigan promocionar la comarca como destino \u201cde calidad\u201d.<\/p>\n<p>Seg\u00fan se\u00f1al\u00f3 Jes\u00fas Aparicio, gerente de la Mancomunidad, \u201chasta este momento, cada cual, cada ayuntamiento, empresario, etc\u00e9tera, ha hecho la guerra por su cuenta, y se trata de cerar un marco que coordine actuaciones y genere sinergias\u201d. Aparicio explic\u00f3 que el PET responde a un compromiso de la presidenta de la Mancomunidad, Mercedes Ba\u00f1os, quien en su toma de posesi\u00f3n ya aludi\u00f3 a la puesta en marcha de un plan participativo \u201cque marcase las l\u00edneas de trabajo en el \u00e1mbito tur\u00edstico, que promoviese servicios de calidad y que concienciase a toda la comarca de los beneficios que se pueden generar\u201d.<\/p>\n<p><img loading=\"lazy\" decoding=\"async\" class=\"wp-image-8242 alignright\" src=\"http:\/\/www.mancomunidaddetentudia.com\/portal\/wp-content\/uploads\/2017\/07\/jesus-aparicio-300x232.jpg\" alt=\"\" width=\"326\" height=\"252\" srcset=\"https:\/\/www.mancomunidaddetentudia.com\/portal\/wp-content\/uploads\/2017\/07\/jesus-aparicio-300x232.jpg 300w, https:\/\/www.mancomunidaddetentudia.com\/portal\/wp-content\/uploads\/2017\/07\/jesus-aparicio-768x594.jpg 768w, https:\/\/www.mancomunidaddetentudia.com\/portal\/wp-content\/uploads\/2017\/07\/jesus-aparicio-1024x792.jpg 1024w, https:\/\/www.mancomunidaddetentudia.com\/portal\/wp-content\/uploads\/2017\/07\/jesus-aparicio-696x538.jpg 696w, https:\/\/www.mancomunidaddetentudia.com\/portal\/wp-content\/uploads\/2017\/07\/jesus-aparicio-1068x826.jpg 1068w, https:\/\/www.mancomunidaddetentudia.com\/portal\/wp-content\/uploads\/2017\/07\/jesus-aparicio-543x420.jpg 543w, https:\/\/www.mancomunidaddetentudia.com\/portal\/wp-content\/uploads\/2017\/07\/jesus-aparicio.jpg 1582w\" sizes=\"auto, (max-width: 326px) 100vw, 326px\" \/><\/p>\n<p>El gerente de la entidad indic\u00f3 que el PET busca abarcar \u201cdistintos perfiles en la oferta y la demanda, puesto que aqu\u00ed tenemos de todo, de todo menos playa\u201d, generando propuestas competitivas fundamentadas en lo que existe. Por ello, a\u00f1adi\u00f3, el lema de este plan ser\u00e1 \u2018Cuatro estaciones, un destino\u2019. \u201cDesde el punto de vista de la oferta, estamos diciendo al visitante potencial que cualquier \u00e9poca es buena para venir, porque en cualquier estaci\u00f3n va a encontrar posibilidades en gastronom\u00eda, historia, cultura, patrimonio, naturaleza\u2026\u201d, coment\u00f3, y agreg\u00f3: \u201ccon esta oferta integral la comarca lograr\u00eda generar empleo, movilizar recursos que ahora permanecen ociosos y mejorar la calidad de vida media de sus habitantes, todo lo cual conduce a un objetivo: fijar poblaci\u00f3n\u201d.<\/p>\n<p>Como agentes de este PET, Aparicio apunt\u00f3 al impulso que se generar\u00e1 desde la Mancomunidad, que buscar\u00e1 como aliados a los ayuntamientos, a los empresarios, a todas las administraciones implicadas en la formaci\u00f3n y capacitaci\u00f3n de profesionales \u201cy, como no, a los propios ciudadanos de la comarca\u201d.<\/p>\n<p>Finalmente, esboz\u00f3 alguna de las acciones previstas para su desarrollo m\u00e1s inmediato, como son la edici\u00f3n de v\u00eddeos promocionales, las iniciativas en formaci\u00f3n y sensibilizaci\u00f3n, la creaci\u00f3n de una marca propia, el uso intensivo de las redes sociales y el aprovechamiento de los foros existentes para dar a conocer la \u2018Marca Tentud\u00eda\u2019.<\/p>\n<p>Antes de Aparicio, el diputado delegado de Turismo de la Diputaci\u00f3n de Badajoz, Lorenzo Molina, apunt\u00f3 la intenci\u00f3n de posicionar a la provincia como destino, incidiendo sobre todo en los valores gastron\u00f3micos, y adelant\u00f3 que el PET va a ser presentado como \u201cproducto potente\u201d en Sevilla, uno de los mercados objetivos m\u00e1s importantes junto a Huelva y el Alentejo.<\/p>\n<p>Molina tambi\u00e9n aludi\u00f3 a que debe trabajarse de manera coordinada, presentando un producto con marca propia con la vista puesta en que el turista permanezca 2-3 d\u00edas en la comarca \u201cpara lo que la oferta debe ser global, no segmentada\u201d<\/p>\n<p><img loading=\"lazy\" decoding=\"async\" class=\" wp-image-8245 alignright\" src=\"http:\/\/www.mancomunidaddetentudia.com\/portal\/wp-content\/uploads\/2017\/07\/lorenzo-molina-francisco-martinez-y-mercedes-ba\u00f1os-2-300x201.jpg\" alt=\"\" width=\"342\" height=\"229\" \/><\/p>\n<p>Mientras, la presidenta de la Mancomunidad de Tentud\u00eda asegur\u00f3 que se tienen muchas esperanzas puestas en el PET, \u201cque puede ser un motor de generaci\u00f3n de riqueza y empleo\u201d, y explic\u00f3 que los pilares del plan pasan por la concienciaci\u00f3n \u201ces decir, cre\u00e9rnoslo, tener confianza en nuestras posibilidades\u201d, la puesta en valor del patrimonio natural, arquitect\u00f3nico, hist\u00f3rico y gastron\u00f3mico, y la formaci\u00f3n \u201cpara poder ofrecer un servicio de calidad\u201d.<\/p>\n<p>\u201cNuestras \u2018Cuatro estaciones\u2019 tienen que ser reconocidas como un destino de calidad, para lograr que el visitante pernocte y adem\u00e1s nos haga de prescriptor\u201d, concluy\u00f3.<\/p>\n<p>Para cerrar la presentaci\u00f3n de las Jornadas, Francisco de As\u00eds Mart\u00ednez, alcalde de Fuentes de Le\u00f3n, puso la labor desarrollada en torno a las Cuevas como ejemplo de c\u00f3mo se puede proyectar el turismo a trav\u00e9s de la ciencia y la investigaci\u00f3n. \u201cEs hora de que nos tomemos en serio el turismo como elemento para fijar poblaci\u00f3n, y para eso tenemos que actuar de manera coordinada\u201d.<\/p>\n<p>PARA\u00cdSO ECOL\u00d3GICO<\/p>\n<p>La segunda de las ponencias de las Jornadas corri\u00f3 a cargo de Mar\u00eda Carolina Casado, gerente del Patronato de Turismo y Tauromaquia de la Diputaci\u00f3n de Badajoz, quien realiz\u00f3 un completo an\u00e1lisis de las posibilidades y tendencias del turismo rural y de naturaleza.<\/p>\n<p>Casado indic\u00f3 que hay una gran diversidad en lo que puede incluir este tipo de turismo, y agreg\u00f3 que si puede definirse un elemento com\u00fan en el turismo de naturaleza es que es un tipo de turismo \u201cque viaja a un entorno natural y participa en su conservaci\u00f3n, es decir, es consecuente con el valor que da a este entorno y eso le genera al turista un compromiso\u201d.<\/p>\n<p><img loading=\"lazy\" decoding=\"async\" class=\"size-medium wp-image-8240 alignleft\" src=\"http:\/\/www.mancomunidaddetentudia.com\/portal\/wp-content\/uploads\/2017\/07\/carolina-casado-1-300x198.jpg\" alt=\"\" width=\"300\" height=\"198\" \/><\/p>\n<p>A partir de ah\u00ed, este turismo tiene m\u00faltiples variantes, que pueden agruparse en dos, el m\u00e1s activo, como ser\u00eda por ejemplo el denominado turismo de aventura, y el m\u00e1s pasivo, el de contemplaci\u00f3n, con dos \u00e1mbitos emergentes y cada vez m\u00e1s demandados como son el birding, para la contemplaci\u00f3n de aves en sus h\u00e1bitats, y el starlihgt, ya que en muchos lugares disponer de un cielo libre de contaminaci\u00f3n lum\u00ednica es casi un lujo.<\/p>\n<p>\u201cEn todas esas facetas del turismo de naturaleza Extremadura cuenta con una posici\u00f3n privilegiada, al ser un para\u00edso ecol\u00f3gico\u201d, indic\u00f3, y a\u00f1adi\u00f3: \u201cs\u00f3lo nos falta adaptarnos a la nueva demanda, innovando en la promoci\u00f3n, diferenciando nuestra oferta y construyendo ofertas integrales, y asumir que el turista es m\u00e1s exigente, que viaja m\u00e1s veces pero en visitas de menor duraci\u00f3n y que busca, sobre todo, experiencias\u201d.<\/p>\n<p>Casado indic\u00f3 que el turismo de naturaleza est\u00e1 en un momento dulce, ya que crece a un ritmo de entre el 10% y el 30% anual, \u201cpor lo que las acciones deben buscar la captaci\u00f3n de visitantes, la fidelizaci\u00f3n y, por \u00faltimo, que el turista se vaya tan satisfecho que se convierta en prescriptor de nuestra oferta\u201d.<\/p>\n<p>Tras ella, Hip\u00f3lito Collado, director de las investigaciones que se llevan a cabo en las Cuevas de Fuentes de Le\u00f3n, explic\u00f3 c\u00f3mo una investigaci\u00f3n como la que se lleva a cabo en este monumento natural puede convertirse en motor de turismo: \u201ca la gente le gusta que le cuenten historias, pero tienen que ser historias reales, con base. Si lo hacemos as\u00ed, el visitante contar\u00e1 su experiencia y atraer\u00e1 m\u00e1s turistas, porque se le ha ofrecido una visita de calidad vinculada a la investigaci\u00f3n\u201d.<\/p>\n<p>ENIGMAS<\/p>\n<p>Collado desgran\u00f3 la evoluci\u00f3n de las actuaciones en las Cuevas desde las primeras referencias all\u00e1 por 1896, con muy diversas vicisitudes hasta que en 2004 se activa el proyecto Or\u00edgenes, que estudia la evoluci\u00f3n de las ocupaciones humanas en la zona. \u201cSe trata de estudiar los indicios humanos, pero vincul\u00e1ndolos a un medio, a un entorno, de manera que podemos contar al turista una historia plagada de referencias y tambi\u00e9n de inc\u00f3gnitas: si los restos humanos hallados que datan de hace 200.000 a\u00f1os son neandertales \u00bfc\u00f3mo est\u00e1n tan al sur?, \u00bfpor qu\u00e9 aparecen conchas marinas?, \u00bfpor qu\u00e9 hay restos de oso pardo tambi\u00e9n de hace 200.000 a\u00f1os en esta zona?, \u00bfpor qu\u00e9 estas cuevas tienen una secuencia de uso ritual tan prolongada, ya que se han encontrado restos de ritos de la \u00e9poca romana?, \u00bfqu\u00e9 animales hab\u00eda aqu\u00ed, qu\u00e9 plantas? Todo eso y mucho m\u00e1s ya de por s\u00ed despierta la curiosidad cuando al visitante se lo est\u00e1n contando las gu\u00edas en la misma cueva. Pero si adem\u00e1s le a\u00f1adimos como existe por fin aqu\u00ed un laboratorio donde puede ver y tocar los restos encontrados y contemplar c\u00f3mo se investiga, es seguro que se marchar\u00e1 maravillado y su relato despertar\u00e1 el inter\u00e9s de su entorno por venir\u201d.<\/p>\n<p><img loading=\"lazy\" decoding=\"async\" class=\" wp-image-8241 aligncenter\" src=\"http:\/\/www.mancomunidaddetentudia.com\/portal\/wp-content\/uploads\/2017\/07\/hipolito-collado-1-300x290.jpg\" alt=\"\" width=\"337\" height=\"326\" srcset=\"https:\/\/www.mancomunidaddetentudia.com\/portal\/wp-content\/uploads\/2017\/07\/hipolito-collado-1-300x290.jpg 300w, https:\/\/www.mancomunidaddetentudia.com\/portal\/wp-content\/uploads\/2017\/07\/hipolito-collado-1-768x743.jpg 768w, https:\/\/www.mancomunidaddetentudia.com\/portal\/wp-content\/uploads\/2017\/07\/hipolito-collado-1-1024x991.jpg 1024w, https:\/\/www.mancomunidaddetentudia.com\/portal\/wp-content\/uploads\/2017\/07\/hipolito-collado-1-696x673.jpg 696w, https:\/\/www.mancomunidaddetentudia.com\/portal\/wp-content\/uploads\/2017\/07\/hipolito-collado-1-1068x1033.jpg 1068w, https:\/\/www.mancomunidaddetentudia.com\/portal\/wp-content\/uploads\/2017\/07\/hipolito-collado-1-434x420.jpg 434w, https:\/\/www.mancomunidaddetentudia.com\/portal\/wp-content\/uploads\/2017\/07\/hipolito-collado-1.jpg 1407w\" sizes=\"auto, (max-width: 337px) 100vw, 337px\" \/><\/p>\n<p>El investigador indic\u00f3 que si a todo eso se le a\u00f1aden ofertas integrales que complementen y completen la experiencia \u201ctendremos un caso \u00fanico donde la investigaci\u00f3n va ligada a la comunidad, no de espaldas a ella, y as\u00ed el trabajo cient\u00edfico cobra sentido: investigar, difundir y generar econom\u00eda en toda la zona\u201d.<\/p>\n<p>Finalmente, Rafael Pag\u00e9s, jefe de Secci\u00f3n de Obras y Proyectos Tur\u00edsticos de la Junta de Extremadura, y vicepresidente de la Asociaci\u00f3n de Cuevas Tur\u00edsticas Espa\u00f1olas, desgran\u00f3 las peculiaridades que tiene el turismo subterr\u00e1neo: \u201cque no se puede trasladar, porque las cuevas se tienen o no se tienen, y que casa con las nuevas tendencias del turismo de experiencias\u201d.<\/p>\n<p><img loading=\"lazy\" decoding=\"async\" class=\"size-medium wp-image-8244 alignright\" src=\"http:\/\/www.mancomunidaddetentudia.com\/portal\/wp-content\/uploads\/2017\/07\/rafael-pag\u00e9s-300x221.jpg\" alt=\"\" width=\"300\" height=\"221\" \/><\/p>\n<p>Adem\u00e1s, afirm\u00f3 que este tipo de turismo \u201cpermite repartir la demanda durante todo el a\u00f1o, no es estacional, con lo que casa perfectamente con las intenciones del PET\u201d<\/p>\n<p>\u201cEl mundo subterr\u00e1neo siempre ha atra\u00eddo a las personas, y en Extremadura contamos con pocas cuevas, pero de un gran valor patrimonial y geol\u00f3gico, que debemos aprovechar\u201d, concluy\u00f3.<\/p>\n<p>Las Jornadas, a las que acudieron los t\u00e9cnicos de Turismo de toda la comarca, concluyeron con una visita a la Cueva de los Postes, una de las cinco con que cuenta este monumento natural, donde se ha practicado una cata vertical de sedimentos que hasta ahora se han datado en 430.000 a\u00f1os, aunque posiblemente vayan mucho m\u00e1s all\u00e1, y a\u00fan no se ha llegado al suelo de la cavidad. All\u00ed, Marisa Giles, una de las gu\u00edas expertas de este enclave, explic\u00f3 los hallazgos realizados.<\/p>\n","protected":false},"excerpt":{"rendered":"<p>El monumento natural de las Cuevas de Fuentes de Le\u00f3n acogi\u00f3 las Jornadas de Turismo de Naturaleza, en el seno de las cuales se presentaron las l\u00edneas generales del nuevo Plan Estrat\u00e9gico de Turismo (PET) de la Mancomunidad de Tentud\u00eda, un documento base para el desarrollo de actuaciones que consigan promocionar la comarca como destino [&hellip;]<\/p>\n","protected":false},"author":15,"featured_media":8239,"comment_status":"open","ping_status":"open","sticky":false,"template":"","format":"standard","meta":{"footnotes":""},"categories":[1],"tags":[54,56,60],"class_list":{"0":"post-8237","1":"post","2":"type-post","3":"status-publish","4":"format-standard","5":"has-post-thumbnail","7":"category-sin-categoria","8":"tag-fuentes-de-leon","9":"tag-mancomunidad","10":"tag-turismo"},"_links":{"self":[{"href":"https:\/\/www.mancomunidaddetentudia.com\/portal\/wp-json\/wp\/v2\/posts\/8237","targetHints":{"allow":["GET"]}}],"collection":[{"href":"https:\/\/www.mancomunidaddetentudia.com\/portal\/wp-json\/wp\/v2\/posts"}],"about":[{"href":"https:\/\/www.mancomunidaddetentudia.com\/portal\/wp-json\/wp\/v2\/types\/post"}],"author":[{"embeddable":true,"href":"https:\/\/www.mancomunidaddetentudia.com\/portal\/wp-json\/wp\/v2\/users\/15"}],"replies":[{"embeddable":true,"href":"https:\/\/www.mancomunidaddetentudia.com\/portal\/wp-json\/wp\/v2\/comments?post=8237"}],"version-history":[{"count":1,"href":"https:\/\/www.mancomunidaddetentudia.com\/portal\/wp-json\/wp\/v2\/posts\/8237\/revisions"}],"predecessor-version":[{"id":8246,"href":"https:\/\/www.mancomunidaddetentudia.com\/portal\/wp-json\/wp\/v2\/posts\/8237\/revisions\/8246"}],"wp:featuredmedia":[{"embeddable":true,"href":"https:\/\/www.mancomunidaddetentudia.com\/portal\/wp-json\/wp\/v2\/media\/8239"}],"wp:attachment":[{"href":"https:\/\/www.mancomunidaddetentudia.com\/portal\/wp-json\/wp\/v2\/media?parent=8237"}],"wp:term":[{"taxonomy":"category","embeddable":true,"href":"https:\/\/www.mancomunidaddetentudia.com\/portal\/wp-json\/wp\/v2\/categories?post=8237"},{"taxonomy":"post_tag","embeddable":true,"href":"https:\/\/www.mancomunidaddetentudia.com\/portal\/wp-json\/wp\/v2\/tags?post=8237"}],"curies":[{"name":"wp","href":"https:\/\/api.w.org\/{rel}","templated":true}]}}