{"id":8247,"date":"2017-07-03T12:09:32","date_gmt":"2017-07-03T11:09:32","guid":{"rendered":"http:\/\/www.mancomunidaddetentudia.com\/portal\/?p=8247"},"modified":"2017-07-03T13:09:59","modified_gmt":"2017-07-03T12:09:59","slug":"tentudia-ya-cuenta-con-nueva-imagen-turistica","status":"publish","type":"post","link":"https:\/\/www.mancomunidaddetentudia.com\/portal\/tentudia-ya-cuenta-con-nueva-imagen-turistica\/","title":{"rendered":"TENTUD\u00cdA YA CUENTA CON NUEVA IMAGEN TUR\u00cdSTICA"},"content":{"rendered":"<p>La comarca de Tentud\u00eda ya cuenta con nueva marca tur\u00edstica, que ser\u00e1 la que distinga todas las actuaciones realizadas desde la Mancomunidad. El dise\u00f1o es obra de \u00c1ngel Cabez\u00f3n, director de Stac\u2019 Art Dise\u00f1o, y fue el elegido por un jurado de entre las nueve propuestas presentadas al concurso.<\/p>\n<p>La marca est\u00e1 constituida por una leyenda base, \u2018Tentud\u00eda Turismo\u2019, con tipograf\u00eda de estilo medieval y donde la segunda T de Tentud\u00eda es sustituida por un s\u00edmbolo que evoca la cruz-espada de la Orden de Santiago en la versi\u00f3n coet\u00e1nea al Maestre. Como elemento de apoyo se utiliza, a modo de sello tamp\u00f3n antiguo, la cruz situada junto al Monasterio de Tentud\u00eda y que marca el punto m\u00e1s alto de la provincia de Badajoz, desde el que puede distinguirse no solo toda la comarca sino una gran amplitud de territorios adyacentes.<\/p>\n<p>En cuanto al color, el principal ser\u00e1 en fondo rojo burdeos (el color de las cruces de las \u00f3rdenes de Santiago y el Temple), aunque se utilizar\u00edan diversas combinaciones tanto en color de tipograf\u00eda como en fondo seg\u00fan el soporte donde se utilice la marca y seg\u00fan el \u00e1mbito del que se trate (rojo para gastronom\u00eda, azul para cultura o verde para naturaleza).<\/p>\n<p>La elecci\u00f3n de una marca propia que a partir de ahora distinga las acciones de la Mancomunidad de Tentud\u00eda es una de las primeras actuaciones recogidas en el Plan Estrat\u00e9gico de Turismo presentado hace unos pocos d\u00edas.<\/p>\n","protected":false},"excerpt":{"rendered":"<p>La comarca de Tentud\u00eda ya cuenta con nueva marca tur\u00edstica, que ser\u00e1 la que distinga todas las actuaciones realizadas desde la Mancomunidad. El dise\u00f1o es obra de \u00c1ngel Cabez\u00f3n, director de Stac\u2019 Art Dise\u00f1o, y fue el elegido por un jurado de entre las nueve propuestas presentadas al concurso. La marca est\u00e1 constituida por una [&hellip;]<\/p>\n","protected":false},"author":15,"featured_media":8248,"comment_status":"closed","ping_status":"closed","sticky":false,"template":"","format":"standard","meta":{"footnotes":""},"categories":[27,37],"tags":[56,60],"class_list":{"0":"post-8247","1":"post","2":"type-post","3":"status-publish","4":"format-standard","5":"has-post-thumbnail","7":"category-actualidad","8":"category-destacados","9":"tag-mancomunidad","10":"tag-turismo"},"_links":{"self":[{"href":"https:\/\/www.mancomunidaddetentudia.com\/portal\/wp-json\/wp\/v2\/posts\/8247","targetHints":{"allow":["GET"]}}],"collection":[{"href":"https:\/\/www.mancomunidaddetentudia.com\/portal\/wp-json\/wp\/v2\/posts"}],"about":[{"href":"https:\/\/www.mancomunidaddetentudia.com\/portal\/wp-json\/wp\/v2\/types\/post"}],"author":[{"embeddable":true,"href":"https:\/\/www.mancomunidaddetentudia.com\/portal\/wp-json\/wp\/v2\/users\/15"}],"replies":[{"embeddable":true,"href":"https:\/\/www.mancomunidaddetentudia.com\/portal\/wp-json\/wp\/v2\/comments?post=8247"}],"version-history":[{"count":1,"href":"https:\/\/www.mancomunidaddetentudia.com\/portal\/wp-json\/wp\/v2\/posts\/8247\/revisions"}],"predecessor-version":[{"id":8249,"href":"https:\/\/www.mancomunidaddetentudia.com\/portal\/wp-json\/wp\/v2\/posts\/8247\/revisions\/8249"}],"wp:featuredmedia":[{"embeddable":true,"href":"https:\/\/www.mancomunidaddetentudia.com\/portal\/wp-json\/wp\/v2\/media\/8248"}],"wp:attachment":[{"href":"https:\/\/www.mancomunidaddetentudia.com\/portal\/wp-json\/wp\/v2\/media?parent=8247"}],"wp:term":[{"taxonomy":"category","embeddable":true,"href":"https:\/\/www.mancomunidaddetentudia.com\/portal\/wp-json\/wp\/v2\/categories?post=8247"},{"taxonomy":"post_tag","embeddable":true,"href":"https:\/\/www.mancomunidaddetentudia.com\/portal\/wp-json\/wp\/v2\/tags?post=8247"}],"curies":[{"name":"wp","href":"https:\/\/api.w.org\/{rel}","templated":true}]}}