{"id":8524,"date":"2017-07-15T10:25:44","date_gmt":"2017-07-15T09:25:44","guid":{"rendered":"http:\/\/www.mancomunidaddetentudia.com\/portal\/?p=8524"},"modified":"2017-07-15T10:25:44","modified_gmt":"2017-07-15T09:25:44","slug":"sentir-sonoro-musica-celestial-para-la-gastro-star","status":"publish","type":"post","link":"https:\/\/www.mancomunidaddetentudia.com\/portal\/sentir-sonoro-musica-celestial-para-la-gastro-star\/","title":{"rendered":"\u2018SENTIR SONORO\u2019, M\u00daSICA CELESTIAL PARA LA GASTRO STAR"},"content":{"rendered":"<p>El cuarteto de c\u00e1mara Sentir Sonoro (viol\u00edn, viola, violonchelo y flauta travesera) ser\u00e1 el encargado de la banda sonora en vivo de Gastro Star altern\u00e1ndose con Javier Alc\u00e1ntara Short Stories Band.<\/p>\n<p>Ser\u00e1n el contrapunto al jazz del m\u00fasico extreme\u00f1o, con un repertorio donde se incluyen como base los temas cl\u00e1sicos (Mozart, Haendel, Wagner, Pachelbel, Vivaldi\u2026, en fin, todos los grandes) pero que tambi\u00e9n interpreta bandas sonoras de pel\u00edculas tan conocidas como Ghost, Notting Hill, Jurasic Park o El Padrino, entre otras). Igualmente se atreven con adaptaciones de temas de pop rock de Celtas Cortos, Guns &amp; Roses, Robert Miles, Alejandro Sanz, Edith Piaf, Beatles\u2026)<\/p>\n<p><img loading=\"lazy\" decoding=\"async\" class=\"size-medium wp-image-8526 alignright\" src=\"http:\/\/www.mancomunidaddetentudia.com\/portal\/wp-content\/uploads\/2017\/07\/cuarteto_plantilla-300x193.jpg\" alt=\"\" width=\"300\" height=\"193\" \/><\/p>\n<p>Su propuesta incluye m\u00e1s de un centenar de interpretaciones, a cargo de m\u00fasicos con una s\u00f3lida formaci\u00f3n y una trayectoria como cuarteto de m\u00e1s de diez a\u00f1os.<\/p>\n<p>\u00bfSe imagina disfrutar de ese fondo musical mientras degusta lo mejor de la enogastronom\u00eda comarcal y regional, en un ambiente c\u00f3modo y agradable y con las constelaciones como techo?<\/p>\n<p>No se lo imagine y venga a vivirlo. Ya sabe, la cita es el d\u00eda 22 y las inscripciones pueden hacerse todav\u00eda (pero no se descuide, que quedan pocas plazas) en <a href=\"http:\/\/www.mancomunidaddetentudia.com\">www.mancomunidaddetentudia.com<\/a>.<\/p>\n<p>Y no tema: no tendr\u00e1 que conducir, tenemos autob\u00fas gratuito desde distintos puntos de la comarca. Usted s\u00f3lo preoc\u00fapese de disfrutar.<\/p>\n<p><img loading=\"lazy\" decoding=\"async\" class=\"size-medium wp-image-8527 alignleft\" src=\"http:\/\/www.mancomunidaddetentudia.com\/portal\/wp-content\/uploads\/2017\/07\/cuarteto-2-300x200.jpg\" alt=\"\" width=\"300\" height=\"200\" \/><\/p>\n<p>Te dejamos dos ejemplos de su saber hacer<\/p>\n<p><a href=\"https:\/\/www.youtube.com\/watch?v=c3VxwP8ki3k\">https:\/\/www.youtube.com\/watch?v=c3VxwP8ki3k<\/a><\/p>\n<p><a href=\"https:\/\/www.youtube.com\/watch?v=NiytJSqJjn4\">https:\/\/www.youtube.com\/watch?v=NiytJSqJjn4<\/a><\/p>\n","protected":false},"excerpt":{"rendered":"<p>El cuarteto de c\u00e1mara Sentir Sonoro (viol\u00edn, viola, violonchelo y flauta travesera) ser\u00e1 el encargado de la banda sonora en vivo de Gastro Star altern\u00e1ndose con Javier Alc\u00e1ntara Short Stories Band. Ser\u00e1n el contrapunto al jazz del m\u00fasico extreme\u00f1o, con un repertorio donde se incluyen como base los temas cl\u00e1sicos (Mozart, Haendel, Wagner, Pachelbel, Vivaldi\u2026, [&hellip;]<\/p>\n","protected":false},"author":15,"featured_media":8528,"comment_status":"open","ping_status":"open","sticky":false,"template":"","format":"standard","meta":{"footnotes":""},"categories":[27,53,37,23],"tags":[72,56,60],"class_list":{"0":"post-8524","1":"post","2":"type-post","3":"status-publish","4":"format-standard","5":"has-post-thumbnail","7":"category-actualidad","8":"category-citas-y-eventos","9":"category-destacados","10":"category-notas-de-prensa","11":"tag-gastronomia","12":"tag-mancomunidad","13":"tag-turismo"},"_links":{"self":[{"href":"https:\/\/www.mancomunidaddetentudia.com\/portal\/wp-json\/wp\/v2\/posts\/8524","targetHints":{"allow":["GET"]}}],"collection":[{"href":"https:\/\/www.mancomunidaddetentudia.com\/portal\/wp-json\/wp\/v2\/posts"}],"about":[{"href":"https:\/\/www.mancomunidaddetentudia.com\/portal\/wp-json\/wp\/v2\/types\/post"}],"author":[{"embeddable":true,"href":"https:\/\/www.mancomunidaddetentudia.com\/portal\/wp-json\/wp\/v2\/users\/15"}],"replies":[{"embeddable":true,"href":"https:\/\/www.mancomunidaddetentudia.com\/portal\/wp-json\/wp\/v2\/comments?post=8524"}],"version-history":[{"count":1,"href":"https:\/\/www.mancomunidaddetentudia.com\/portal\/wp-json\/wp\/v2\/posts\/8524\/revisions"}],"predecessor-version":[{"id":8529,"href":"https:\/\/www.mancomunidaddetentudia.com\/portal\/wp-json\/wp\/v2\/posts\/8524\/revisions\/8529"}],"wp:featuredmedia":[{"embeddable":true,"href":"https:\/\/www.mancomunidaddetentudia.com\/portal\/wp-json\/wp\/v2\/media\/8528"}],"wp:attachment":[{"href":"https:\/\/www.mancomunidaddetentudia.com\/portal\/wp-json\/wp\/v2\/media?parent=8524"}],"wp:term":[{"taxonomy":"category","embeddable":true,"href":"https:\/\/www.mancomunidaddetentudia.com\/portal\/wp-json\/wp\/v2\/categories?post=8524"},{"taxonomy":"post_tag","embeddable":true,"href":"https:\/\/www.mancomunidaddetentudia.com\/portal\/wp-json\/wp\/v2\/tags?post=8524"}],"curies":[{"name":"wp","href":"https:\/\/api.w.org\/{rel}","templated":true}]}}