{"id":8537,"date":"2017-07-16T11:14:18","date_gmt":"2017-07-16T10:14:18","guid":{"rendered":"http:\/\/www.mancomunidaddetentudia.com\/portal\/?p=8537"},"modified":"2017-07-15T11:17:00","modified_gmt":"2017-07-15T10:17:00","slug":"ribera-del-guadiana-tambien-estara-presente-en-gastro-star","status":"publish","type":"post","link":"https:\/\/www.mancomunidaddetentudia.com\/portal\/ribera-del-guadiana-tambien-estara-presente-en-gastro-star\/","title":{"rendered":"RIBERA DEL GUADIANA TAMBI\u00c9N ESTAR\u00c1 PRESENTE EN GASTRO STAR"},"content":{"rendered":"<p>La Denominaci\u00f3n de Origen Ribera del Guadiana se ha unido a la celebraci\u00f3n de la Muestra Gastro Star en el Monasterio de Tentud\u00eda.<\/p>\n<p><img loading=\"lazy\" decoding=\"async\" class=\"alignnone  wp-image-8538\" src=\"http:\/\/www.mancomunidaddetentudia.com\/portal\/wp-content\/uploads\/2017\/07\/ribera-2-300x129.jpg\" alt=\"\" width=\"484\" height=\"208\" \/><\/p>\n<p>Los caldos de esta prestigiosa DO acompa\u00f1ar\u00e1n a los vinos de la comarca en las desgustaciones enogastron\u00f3micas dirigidas por los sumilleres Piedad Fern\u00e1ndez y Carlos Jes\u00fas Vivas.<\/p>\n<p>Se subraya as\u00ed la apuesta de la Mancomunidad por los productos de nuestra tierra y tambi\u00e9n por ofrecer un men\u00fa de alt\u00edsima calidad para vivir una noche de sensaciones inolvidable.<\/p>\n<p>No te lo pierdas, a\u00fan puedes acompa\u00f1arnos. Inscr\u00edbete en <a href=\"http:\/\/www.mancomunidaddetentudia.com\">www.mancomunidaddetentudia.com<\/a><\/p>\n","protected":false},"excerpt":{"rendered":"<p>La Denominaci\u00f3n de Origen Ribera del Guadiana se ha unido a la celebraci\u00f3n de la Muestra Gastro Star en el Monasterio de Tentud\u00eda. Los caldos de esta prestigiosa DO acompa\u00f1ar\u00e1n a los vinos de la comarca en las desgustaciones enogastron\u00f3micas dirigidas por los sumilleres Piedad Fern\u00e1ndez y Carlos Jes\u00fas Vivas. Se subraya as\u00ed la apuesta [&hellip;]<\/p>\n","protected":false},"author":15,"featured_media":0,"comment_status":"open","ping_status":"open","sticky":false,"template":"","format":"standard","meta":{"footnotes":""},"categories":[27,53,37,23],"tags":[56,60],"class_list":{"0":"post-8537","1":"post","2":"type-post","3":"status-publish","4":"format-standard","6":"category-actualidad","7":"category-citas-y-eventos","8":"category-destacados","9":"category-notas-de-prensa","10":"tag-mancomunidad","11":"tag-turismo"},"_links":{"self":[{"href":"https:\/\/www.mancomunidaddetentudia.com\/portal\/wp-json\/wp\/v2\/posts\/8537","targetHints":{"allow":["GET"]}}],"collection":[{"href":"https:\/\/www.mancomunidaddetentudia.com\/portal\/wp-json\/wp\/v2\/posts"}],"about":[{"href":"https:\/\/www.mancomunidaddetentudia.com\/portal\/wp-json\/wp\/v2\/types\/post"}],"author":[{"embeddable":true,"href":"https:\/\/www.mancomunidaddetentudia.com\/portal\/wp-json\/wp\/v2\/users\/15"}],"replies":[{"embeddable":true,"href":"https:\/\/www.mancomunidaddetentudia.com\/portal\/wp-json\/wp\/v2\/comments?post=8537"}],"version-history":[{"count":1,"href":"https:\/\/www.mancomunidaddetentudia.com\/portal\/wp-json\/wp\/v2\/posts\/8537\/revisions"}],"predecessor-version":[{"id":8540,"href":"https:\/\/www.mancomunidaddetentudia.com\/portal\/wp-json\/wp\/v2\/posts\/8537\/revisions\/8540"}],"wp:attachment":[{"href":"https:\/\/www.mancomunidaddetentudia.com\/portal\/wp-json\/wp\/v2\/media?parent=8537"}],"wp:term":[{"taxonomy":"category","embeddable":true,"href":"https:\/\/www.mancomunidaddetentudia.com\/portal\/wp-json\/wp\/v2\/categories?post=8537"},{"taxonomy":"post_tag","embeddable":true,"href":"https:\/\/www.mancomunidaddetentudia.com\/portal\/wp-json\/wp\/v2\/tags?post=8537"}],"curies":[{"name":"wp","href":"https:\/\/api.w.org\/{rel}","templated":true}]}}