{"id":8644,"date":"2017-07-18T19:08:00","date_gmt":"2017-07-18T18:08:00","guid":{"rendered":"http:\/\/www.mancomunidaddetentudia.com\/portal\/?p=8644"},"modified":"2017-07-18T19:08:00","modified_gmt":"2017-07-18T18:08:00","slug":"agotadas-las-entradas-para-la-i-muestra-gastro-star","status":"publish","type":"post","link":"https:\/\/www.mancomunidaddetentudia.com\/portal\/agotadas-las-entradas-para-la-i-muestra-gastro-star\/","title":{"rendered":"AGOTADAS LAS ENTRADAS PARA LA I MUESTRA GASTRO STAR"},"content":{"rendered":"<p>Ya no queda ni una sola plaza disponible para disfrutar de la I Muestra Gastro Star, el evento que acoger\u00e1 la noche del s\u00e1bado 22 de julio el Monasterio de Tentud\u00eda, en el que se combinar\u00e1 la enograstronom\u00eda con la astronom\u00eda.<\/p>\n<p>Las entradas puestas a la venta, un total de 250, se han agotado un d\u00eda antes de lo previsto. La organizaci\u00f3n ha se\u00f1alado que no queda ni una sola plaza disponible, por lo que quien no disponga de entrada debe abstenerse de acudir al evento, puesto que en los accesos no se vender\u00e1n entradas.<\/p>\n<p>La Muestra Gastro Star, que se pretende que tenga continuidad en posteriores ediciones, combina la degustaci\u00f3n de delicias gastron\u00f3micas como Jam\u00f3n de bellota de Monesterio, embutidos diversos de ib\u00e9rico, quesos artesanos, carnes de cerdo ib\u00e9rico y de cordero de la IGP Corderex con los caldos de Ribera del Guadiana.<\/p>\n<p>A todo ello se suma la m\u00fasica en directo a cargo de Javier Alc\u00e1ntara Short Stories Band y el cuarteto de c\u00e1mara Sentir Sonoro, que acompa\u00f1ar\u00e1n durante la cena y, concluida \u00e9sta, durante la ruta tur\u00edstica por la V\u00eda L\u00e1ctea de la mano de Entre Encinas y Estrellas.<\/p>\n","protected":false},"excerpt":{"rendered":"<p>Ya no queda ni una sola plaza disponible para disfrutar de la I Muestra Gastro Star, el evento que acoger\u00e1 la noche del s\u00e1bado 22 de julio el Monasterio de Tentud\u00eda, en el que se combinar\u00e1 la enograstronom\u00eda con la astronom\u00eda. Las entradas puestas a la venta, un total de 250, se han agotado un [&hellip;]<\/p>\n","protected":false},"author":15,"featured_media":0,"comment_status":"open","ping_status":"open","sticky":false,"template":"","format":"standard","meta":{"footnotes":""},"categories":[27,53,23],"tags":[56,60],"class_list":{"0":"post-8644","1":"post","2":"type-post","3":"status-publish","4":"format-standard","6":"category-actualidad","7":"category-citas-y-eventos","8":"category-notas-de-prensa","9":"tag-mancomunidad","10":"tag-turismo"},"_links":{"self":[{"href":"https:\/\/www.mancomunidaddetentudia.com\/portal\/wp-json\/wp\/v2\/posts\/8644","targetHints":{"allow":["GET"]}}],"collection":[{"href":"https:\/\/www.mancomunidaddetentudia.com\/portal\/wp-json\/wp\/v2\/posts"}],"about":[{"href":"https:\/\/www.mancomunidaddetentudia.com\/portal\/wp-json\/wp\/v2\/types\/post"}],"author":[{"embeddable":true,"href":"https:\/\/www.mancomunidaddetentudia.com\/portal\/wp-json\/wp\/v2\/users\/15"}],"replies":[{"embeddable":true,"href":"https:\/\/www.mancomunidaddetentudia.com\/portal\/wp-json\/wp\/v2\/comments?post=8644"}],"version-history":[{"count":1,"href":"https:\/\/www.mancomunidaddetentudia.com\/portal\/wp-json\/wp\/v2\/posts\/8644\/revisions"}],"predecessor-version":[{"id":8646,"href":"https:\/\/www.mancomunidaddetentudia.com\/portal\/wp-json\/wp\/v2\/posts\/8644\/revisions\/8646"}],"wp:attachment":[{"href":"https:\/\/www.mancomunidaddetentudia.com\/portal\/wp-json\/wp\/v2\/media?parent=8644"}],"wp:term":[{"taxonomy":"category","embeddable":true,"href":"https:\/\/www.mancomunidaddetentudia.com\/portal\/wp-json\/wp\/v2\/categories?post=8644"},{"taxonomy":"post_tag","embeddable":true,"href":"https:\/\/www.mancomunidaddetentudia.com\/portal\/wp-json\/wp\/v2\/tags?post=8644"}],"curies":[{"name":"wp","href":"https:\/\/api.w.org\/{rel}","templated":true}]}}