{"id":8649,"date":"2017-07-19T11:09:12","date_gmt":"2017-07-19T10:09:12","guid":{"rendered":"http:\/\/www.mancomunidaddetentudia.com\/portal\/?p=8649"},"modified":"2017-07-19T11:10:08","modified_gmt":"2017-07-19T10:10:08","slug":"poker-de-jazzmen-para-una-cita-de-altura","status":"publish","type":"post","link":"https:\/\/www.mancomunidaddetentudia.com\/portal\/poker-de-jazzmen-para-una-cita-de-altura\/","title":{"rendered":"P\u00d3KER DE JAZZMEN PARA UNA CITA DE ALTURA"},"content":{"rendered":"<p>La Short Stories Band, encabezada por Javier Alc\u00e1ntara, pondr\u00e1 el contrapunto musical de altura a la cita enograstron\u00f3mica y astron\u00f3mica Gastro Star que se celebra este s\u00e1bado en el Monasterio de Tentud\u00eda.<\/p>\n<p>Un p\u00f3ker de jazzmen de prestigio internacional, con Alc\u00e1ntara, un m\u00fasico completo que combina su dominio de la guitarra con la composici\u00f3n, la improvisaci\u00f3n y la musicoterapia, \u00e1mbito en el que es experto. Su quehacer le ha valido la direcci\u00f3n art\u00edstica del Festival Internacional de Jazz de Badajoz y adem\u00e1s preside la Asociaci\u00f3n Extreme\u00f1a de Musicoterapeutas.<\/p>\n<p>A su lado, el pianista Dahaaud Salim, un m\u00fasico nacido en Sevilla hace 27 a\u00f1os, con una s\u00f3lida formaci\u00f3n y una trayectoria como int\u00e9rprete tanto en cl\u00e1sica como en jazz, estilo este \u00faltimo del que bebe de las ense\u00f1anzas de su padre, el m\u00edtico jazzman texano Abdu Salim.<\/p>\n<p>Como \u2018tercera pata\u2019, Joao David Almeida, nacido en Lisboa y que se encarga de la voz y las percusiones. Es un m\u00fasico de registros muy diversos que abarcan el jazz, m\u00fasica cl\u00e1sica, pop, tradicional, rock, bossa nova\u2026, a la que se suma al contrabajo su paisano, con una larga trayectoria y una gran sinton\u00eda con Alc\u00e1ntara Andr\u00e9 Ferreira.<\/p>\n<p>Completa el p\u00f3ker el tambi\u00e9n luso Joao Sousa, bater\u00eda nacido en Faro y formado a caballo entre Holanda y Portugal, y con un dilatado recorrido como m\u00fasico de jazz.<\/p>\n","protected":false},"excerpt":{"rendered":"<p>La Short Stories Band, encabezada por Javier Alc\u00e1ntara, pondr\u00e1 el contrapunto musical de altura a la cita enograstron\u00f3mica y astron\u00f3mica Gastro Star que se celebra este s\u00e1bado en el Monasterio de Tentud\u00eda. Un p\u00f3ker de jazzmen de prestigio internacional, con Alc\u00e1ntara, un m\u00fasico completo que combina su dominio de la guitarra con la composici\u00f3n, la [&hellip;]<\/p>\n","protected":false},"author":15,"featured_media":8650,"comment_status":"open","ping_status":"open","sticky":false,"template":"","format":"standard","meta":{"footnotes":""},"categories":[27,53,23],"tags":[56,60],"class_list":{"0":"post-8649","1":"post","2":"type-post","3":"status-publish","4":"format-standard","5":"has-post-thumbnail","7":"category-actualidad","8":"category-citas-y-eventos","9":"category-notas-de-prensa","10":"tag-mancomunidad","11":"tag-turismo"},"_links":{"self":[{"href":"https:\/\/www.mancomunidaddetentudia.com\/portal\/wp-json\/wp\/v2\/posts\/8649","targetHints":{"allow":["GET"]}}],"collection":[{"href":"https:\/\/www.mancomunidaddetentudia.com\/portal\/wp-json\/wp\/v2\/posts"}],"about":[{"href":"https:\/\/www.mancomunidaddetentudia.com\/portal\/wp-json\/wp\/v2\/types\/post"}],"author":[{"embeddable":true,"href":"https:\/\/www.mancomunidaddetentudia.com\/portal\/wp-json\/wp\/v2\/users\/15"}],"replies":[{"embeddable":true,"href":"https:\/\/www.mancomunidaddetentudia.com\/portal\/wp-json\/wp\/v2\/comments?post=8649"}],"version-history":[{"count":3,"href":"https:\/\/www.mancomunidaddetentudia.com\/portal\/wp-json\/wp\/v2\/posts\/8649\/revisions"}],"predecessor-version":[{"id":8653,"href":"https:\/\/www.mancomunidaddetentudia.com\/portal\/wp-json\/wp\/v2\/posts\/8649\/revisions\/8653"}],"wp:featuredmedia":[{"embeddable":true,"href":"https:\/\/www.mancomunidaddetentudia.com\/portal\/wp-json\/wp\/v2\/media\/8650"}],"wp:attachment":[{"href":"https:\/\/www.mancomunidaddetentudia.com\/portal\/wp-json\/wp\/v2\/media?parent=8649"}],"wp:term":[{"taxonomy":"category","embeddable":true,"href":"https:\/\/www.mancomunidaddetentudia.com\/portal\/wp-json\/wp\/v2\/categories?post=8649"},{"taxonomy":"post_tag","embeddable":true,"href":"https:\/\/www.mancomunidaddetentudia.com\/portal\/wp-json\/wp\/v2\/tags?post=8649"}],"curies":[{"name":"wp","href":"https:\/\/api.w.org\/{rel}","templated":true}]}}