{"id":8654,"date":"2017-07-19T17:05:32","date_gmt":"2017-07-19T16:05:32","guid":{"rendered":"http:\/\/www.mancomunidaddetentudia.com\/portal\/?p=8654"},"modified":"2017-07-19T13:11:58","modified_gmt":"2017-07-19T12:11:58","slug":"gastro-star-casa-a-la-perfeccion-con-la-iniciativa-ruta-del-vino-de-ribera-del-guadiana","status":"publish","type":"post","link":"https:\/\/www.mancomunidaddetentudia.com\/portal\/gastro-star-casa-a-la-perfeccion-con-la-iniciativa-ruta-del-vino-de-ribera-del-guadiana\/","title":{"rendered":"\u201cGASTRO STAR CASA A LA PERFECCI\u00d3N CON LA INICIATIVA &#8216;RUTA DEL VINO&#8217; DE RIBERA DEL GUADIANA\u201d"},"content":{"rendered":"<p>La Denominaci\u00f3n de Origen Ribera del Guadiana estar\u00e1 presente en la I Muestra Gastro Star con una participaci\u00f3n muy destacada, ya que, seg\u00fan ha explicado Isabel Garc\u00eda, t\u00e9cnica de la DO y responsable de la iniciativa \u2018Ruta del Vino Ribera del Guadiana\u2019, el evento que se celebra en el Monasterio de Tentud\u00eda \u201ccasa perfectamente con nuestra acci\u00f3n de promoci\u00f3n\u201d.<\/p>\n<p>Garc\u00eda indic\u00f3 que, adem\u00e1s de con los vinos, la DO est\u00e1 presente a trav\u00e9s de los dos sumilleres que participan en Gastro Star, Piedad Fern\u00e1ndez y Carlos Jes\u00fas Vivas, ambos muy relacionados con Ribera del Guadiana.<\/p>\n<p>\u201cLas actividades de la Ruta del Vino tratan de ser un est\u00edmulo a los sentidos, creando experiencias completas y creo que Gastro Star est\u00e1 enfocada en esa direcci\u00f3n\u201d, indic\u00f3. Por ello, asegura que es muy posible que se abra un campo de colaboraci\u00f3n desde el punto de vista enotur\u00edstico y enogastron\u00f3mico entre la Ruta y la Mancomunidad.<\/p>\n<p><img loading=\"lazy\" decoding=\"async\" class=\"wp-image-8656 alignleft\" src=\"http:\/\/www.mancomunidaddetentudia.com\/portal\/wp-content\/uploads\/2017\/07\/Ribera-del-Guadiana-247x300.jpg\" alt=\"\" width=\"317\" height=\"385\" srcset=\"https:\/\/www.mancomunidaddetentudia.com\/portal\/wp-content\/uploads\/2017\/07\/Ribera-del-Guadiana-247x300.jpg 247w, https:\/\/www.mancomunidaddetentudia.com\/portal\/wp-content\/uploads\/2017\/07\/Ribera-del-Guadiana-345x420.jpg 345w, https:\/\/www.mancomunidaddetentudia.com\/portal\/wp-content\/uploads\/2017\/07\/Ribera-del-Guadiana.jpg 352w\" sizes=\"auto, (max-width: 317px) 100vw, 317px\" \/><\/p>\n<p>\u201cLa Ruta del Vino est\u00e1 impulsada por empresarios asociados cuya actividad est\u00e1 en la zona territorial de Ribera del Guadiana, y cualquier iniciativa que sume socios ser\u00e1 bienvenida\u201d, manifest\u00f3 la t\u00e9cnica de la DO y agreg\u00f3: \u201chay un aspecto en el que ya se parte con ventaja en Tentud\u00eda, que es el del jam\u00f3n, porque en la Ruta se trabaja con otras acciones similares en productos como jam\u00f3n, queso o aceite\u201d. Por ello insisti\u00f3 en que su idea es abrir una colaboraci\u00f3n estable a partir de esta presencia en Gastro Star,\u00a0 \u201cy que empresas de aquella zona se sumen a la Ruta del Vino\u201d.<\/p>\n","protected":false},"excerpt":{"rendered":"<p>La Denominaci\u00f3n de Origen Ribera del Guadiana estar\u00e1 presente en la I Muestra Gastro Star con una participaci\u00f3n muy destacada, ya que, seg\u00fan ha explicado Isabel Garc\u00eda, t\u00e9cnica de la DO y responsable de la iniciativa \u2018Ruta del Vino Ribera del Guadiana\u2019, el evento que se celebra en el Monasterio de Tentud\u00eda \u201ccasa perfectamente con [&hellip;]<\/p>\n","protected":false},"author":15,"featured_media":0,"comment_status":"open","ping_status":"open","sticky":false,"template":"","format":"standard","meta":{"footnotes":""},"categories":[27,53,23],"tags":[56,60],"class_list":{"0":"post-8654","1":"post","2":"type-post","3":"status-publish","4":"format-standard","6":"category-actualidad","7":"category-citas-y-eventos","8":"category-notas-de-prensa","9":"tag-mancomunidad","10":"tag-turismo"},"_links":{"self":[{"href":"https:\/\/www.mancomunidaddetentudia.com\/portal\/wp-json\/wp\/v2\/posts\/8654","targetHints":{"allow":["GET"]}}],"collection":[{"href":"https:\/\/www.mancomunidaddetentudia.com\/portal\/wp-json\/wp\/v2\/posts"}],"about":[{"href":"https:\/\/www.mancomunidaddetentudia.com\/portal\/wp-json\/wp\/v2\/types\/post"}],"author":[{"embeddable":true,"href":"https:\/\/www.mancomunidaddetentudia.com\/portal\/wp-json\/wp\/v2\/users\/15"}],"replies":[{"embeddable":true,"href":"https:\/\/www.mancomunidaddetentudia.com\/portal\/wp-json\/wp\/v2\/comments?post=8654"}],"version-history":[{"count":1,"href":"https:\/\/www.mancomunidaddetentudia.com\/portal\/wp-json\/wp\/v2\/posts\/8654\/revisions"}],"predecessor-version":[{"id":8657,"href":"https:\/\/www.mancomunidaddetentudia.com\/portal\/wp-json\/wp\/v2\/posts\/8654\/revisions\/8657"}],"wp:attachment":[{"href":"https:\/\/www.mancomunidaddetentudia.com\/portal\/wp-json\/wp\/v2\/media?parent=8654"}],"wp:term":[{"taxonomy":"category","embeddable":true,"href":"https:\/\/www.mancomunidaddetentudia.com\/portal\/wp-json\/wp\/v2\/categories?post=8654"},{"taxonomy":"post_tag","embeddable":true,"href":"https:\/\/www.mancomunidaddetentudia.com\/portal\/wp-json\/wp\/v2\/tags?post=8654"}],"curies":[{"name":"wp","href":"https:\/\/api.w.org\/{rel}","templated":true}]}}