{"id":8684,"date":"2017-07-29T17:40:07","date_gmt":"2017-07-29T16:40:07","guid":{"rendered":"http:\/\/www.mancomunidaddetentudia.com\/portal\/?p=8684"},"modified":"2017-07-29T17:40:07","modified_gmt":"2017-07-29T16:40:07","slug":"la-direccion-general-de-turismo-se-implica-en-el-plan-estrategico-de-tentudia","status":"publish","type":"post","link":"https:\/\/www.mancomunidaddetentudia.com\/portal\/la-direccion-general-de-turismo-se-implica-en-el-plan-estrategico-de-tentudia\/","title":{"rendered":"LA DIRECCI\u00d3N GENERAL DE TURISMO SE IMPLICA EN EL PLAN ESTRAT\u00c9GICO DE TENTUD\u00cdA"},"content":{"rendered":"<p>El director general de Turismo de la Junta de Extremadura, Francisco Mart\u00edn Sim\u00f3n, considera que el Plan Estrat\u00e9gico de Turismo de la Mancomunidad de Tentud\u00eda es un ejemplo de buenas pr\u00e1cticas en cuanto al enfoque y dinamizaci\u00f3n de la actividad tur\u00edstica a nivel comarcal.<\/p>\n<p>As\u00ed se lo transmiti\u00f3 a la presidenta de la Mancomunidad, Mercedes D\u00edaz, y al gerente de esta entidad, Jes\u00fas Aparicio, en un encuentro que tuvo lugar a finales de esta semana en M\u00e9rida.<\/p>\n<p>Seg\u00fan se\u00f1al\u00f3 Aparicio, el responsable regional de Turismo se mostr\u00f3 muy interesado en la estrategia que se est\u00e1 desarrollando en Tentud\u00eda y emplaz\u00f3 a los representantes de la Mancomunidad para que le informen con todo detalle de cada una de las acciones y l\u00edneas del plan.<\/p>\n<p>Asimismo, Francisco Mart\u00edn Sim\u00f3n propuso establecer una colaboraci\u00f3n estrecha ente su Direcci\u00f3n General y la Mancomunidad, que se plasmar\u00eda en hitos como la invitaci\u00f3n a que desde la Mancomunidad se protagonice una de las ponencias del pr\u00f3ximo congreso internacional de turismo de interior que se celebrar\u00e1 en Plasencia a finales de octubre.<\/p>\n<p>Igualmente, el director general de Turismo propuso a los responsables de la Mancomunidad que la oferta tur\u00edstica de Tentud\u00eda se integre en el stand que la Junta de Extremadura llevar\u00e1 a la pr\u00f3xima edici\u00f3n de la Feria Intur, la feria m\u00e1s importante en lo que a turismo de interior se refiere, y que tendr\u00e1 lugar en Valladolid en noviembre. La presencia de Tentud\u00eda se plasmar\u00eda en la dedicaci\u00f3n de un d\u00eda a la comarca en el stand institucional.<\/p>\n<p>Finalmente, Francisco Mart\u00edn Sim\u00f3n felicit\u00f3 a D\u00edaz y Aparicio por el \u00e9xito de la muestra Gastro Star, que considera un ejemplo de c\u00f3mo promocionar el inter\u00e9s por un territorio utilizando de manera id\u00f3nea los recursos disponibles.<\/p>\n","protected":false},"excerpt":{"rendered":"<p>El director general de Turismo de la Junta de Extremadura, Francisco Mart\u00edn Sim\u00f3n, considera que el Plan Estrat\u00e9gico de Turismo de la Mancomunidad de Tentud\u00eda es un ejemplo de buenas pr\u00e1cticas en cuanto al enfoque y dinamizaci\u00f3n de la actividad tur\u00edstica a nivel comarcal. As\u00ed se lo transmiti\u00f3 a la presidenta de la Mancomunidad, Mercedes [&hellip;]<\/p>\n","protected":false},"author":15,"featured_media":8685,"comment_status":"open","ping_status":"open","sticky":false,"template":"","format":"standard","meta":{"footnotes":""},"categories":[27,37,23],"tags":[108,56,60],"class_list":{"0":"post-8684","1":"post","2":"type-post","3":"status-publish","4":"format-standard","5":"has-post-thumbnail","7":"category-actualidad","8":"category-destacados","9":"category-notas-de-prensa","10":"tag-junta-de-extremadura","11":"tag-mancomunidad","12":"tag-turismo"},"_links":{"self":[{"href":"https:\/\/www.mancomunidaddetentudia.com\/portal\/wp-json\/wp\/v2\/posts\/8684","targetHints":{"allow":["GET"]}}],"collection":[{"href":"https:\/\/www.mancomunidaddetentudia.com\/portal\/wp-json\/wp\/v2\/posts"}],"about":[{"href":"https:\/\/www.mancomunidaddetentudia.com\/portal\/wp-json\/wp\/v2\/types\/post"}],"author":[{"embeddable":true,"href":"https:\/\/www.mancomunidaddetentudia.com\/portal\/wp-json\/wp\/v2\/users\/15"}],"replies":[{"embeddable":true,"href":"https:\/\/www.mancomunidaddetentudia.com\/portal\/wp-json\/wp\/v2\/comments?post=8684"}],"version-history":[{"count":1,"href":"https:\/\/www.mancomunidaddetentudia.com\/portal\/wp-json\/wp\/v2\/posts\/8684\/revisions"}],"predecessor-version":[{"id":8686,"href":"https:\/\/www.mancomunidaddetentudia.com\/portal\/wp-json\/wp\/v2\/posts\/8684\/revisions\/8686"}],"wp:featuredmedia":[{"embeddable":true,"href":"https:\/\/www.mancomunidaddetentudia.com\/portal\/wp-json\/wp\/v2\/media\/8685"}],"wp:attachment":[{"href":"https:\/\/www.mancomunidaddetentudia.com\/portal\/wp-json\/wp\/v2\/media?parent=8684"}],"wp:term":[{"taxonomy":"category","embeddable":true,"href":"https:\/\/www.mancomunidaddetentudia.com\/portal\/wp-json\/wp\/v2\/categories?post=8684"},{"taxonomy":"post_tag","embeddable":true,"href":"https:\/\/www.mancomunidaddetentudia.com\/portal\/wp-json\/wp\/v2\/tags?post=8684"}],"curies":[{"name":"wp","href":"https:\/\/api.w.org\/{rel}","templated":true}]}}