{"id":9412,"date":"2017-09-25T13:31:12","date_gmt":"2017-09-25T12:31:12","guid":{"rendered":"http:\/\/www.mancomunidaddetentudia.com\/portal\/?p=9412"},"modified":"2017-09-25T13:31:12","modified_gmt":"2017-09-25T12:31:12","slug":"listado-provisional-de-admitidosas-y-excluidosas-para-cubrir-una-plaza-de-arquitecto-tecnico","status":"publish","type":"post","link":"https:\/\/www.mancomunidaddetentudia.com\/portal\/listado-provisional-de-admitidosas-y-excluidosas-para-cubrir-una-plaza-de-arquitecto-tecnico\/","title":{"rendered":"LISTADO PROVISIONAL DE ADMITIDOS\/AS Y EXCLUIDOS\/AS PARA CUBRIR UNA PLAZA DE ARQUITECTO T\u00c9CNICO"},"content":{"rendered":"<p><img loading=\"lazy\" decoding=\"async\" class=\"alignnone  wp-image-9414\" src=\"http:\/\/www.mancomunidaddetentudia.com\/portal\/wp-content\/uploads\/2017\/09\/Excluidos-ARQUIT.TECNICO-212x300.jpg\" alt=\"\" width=\"406\" height=\"575\" \/><\/p>\n<p>Se concede una plazo de 2 d\u00edas h\u00e1biles desde la publicaci\u00f3n del listado de admitidos\/as y excluidos\/as, a los efectos de subsanaci\u00f3n de errores u omisiones, as\u00ed como de presentaci\u00f3n de posibles reclamaciones en caso que las hubiera.<\/p>\n","protected":false},"excerpt":{"rendered":"<p>Se concede una plazo de 2 d\u00edas h\u00e1biles desde la publicaci\u00f3n del listado de admitidos\/as y excluidos\/as, a los efectos de subsanaci\u00f3n de errores u omisiones, as\u00ed como de presentaci\u00f3n de posibles reclamaciones en caso que las hubiera.<\/p>\n","protected":false},"author":23,"featured_media":0,"comment_status":"open","ping_status":"open","sticky":false,"template":"","format":"standard","meta":{"footnotes":""},"categories":[27,68,219],"tags":[],"class_list":{"0":"post-9412","1":"post","2":"type-post","3":"status-publish","4":"format-standard","6":"category-actualidad","7":"category-mancomunidad","8":"category-oficina-de-gestion-urbanistica"},"_links":{"self":[{"href":"https:\/\/www.mancomunidaddetentudia.com\/portal\/wp-json\/wp\/v2\/posts\/9412","targetHints":{"allow":["GET"]}}],"collection":[{"href":"https:\/\/www.mancomunidaddetentudia.com\/portal\/wp-json\/wp\/v2\/posts"}],"about":[{"href":"https:\/\/www.mancomunidaddetentudia.com\/portal\/wp-json\/wp\/v2\/types\/post"}],"author":[{"embeddable":true,"href":"https:\/\/www.mancomunidaddetentudia.com\/portal\/wp-json\/wp\/v2\/users\/23"}],"replies":[{"embeddable":true,"href":"https:\/\/www.mancomunidaddetentudia.com\/portal\/wp-json\/wp\/v2\/comments?post=9412"}],"version-history":[{"count":3,"href":"https:\/\/www.mancomunidaddetentudia.com\/portal\/wp-json\/wp\/v2\/posts\/9412\/revisions"}],"predecessor-version":[{"id":9417,"href":"https:\/\/www.mancomunidaddetentudia.com\/portal\/wp-json\/wp\/v2\/posts\/9412\/revisions\/9417"}],"wp:attachment":[{"href":"https:\/\/www.mancomunidaddetentudia.com\/portal\/wp-json\/wp\/v2\/media?parent=9412"}],"wp:term":[{"taxonomy":"category","embeddable":true,"href":"https:\/\/www.mancomunidaddetentudia.com\/portal\/wp-json\/wp\/v2\/categories?post=9412"},{"taxonomy":"post_tag","embeddable":true,"href":"https:\/\/www.mancomunidaddetentudia.com\/portal\/wp-json\/wp\/v2\/tags?post=9412"}],"curies":[{"name":"wp","href":"https:\/\/api.w.org\/{rel}","templated":true}]}}