{"id":9430,"date":"2017-09-28T11:58:41","date_gmt":"2017-09-28T10:58:41","guid":{"rendered":"http:\/\/www.mancomunidaddetentudia.com\/portal\/?p=9430"},"modified":"2017-09-28T11:58:41","modified_gmt":"2017-09-28T10:58:41","slug":"mesa-de-coordinacion-territorial-contra-la-violencia-de-genero","status":"publish","type":"post","link":"https:\/\/www.mancomunidaddetentudia.com\/portal\/mesa-de-coordinacion-territorial-contra-la-violencia-de-genero\/","title":{"rendered":"MESA DE COORDINACI\u00d3N TERRITORIAL CONTRA LA VIOLENCIA DE G\u00c9NERO"},"content":{"rendered":"<p>En la ma\u00f1ana del 27 de Septiembre, en el Auditorio de M\u00fasica de Fuente de Cantos daba comienzo la Mesa de Coordinaci\u00f3n Territorial Contra la Violencia de G\u00e9nero.<\/p>\n<p>El objetivo de estas Mesas son las de crear un espacio de reflexi\u00f3n sobre el trabajo realizado contra la violencia de g\u00e9nero adem\u00e1s de detectar demandas de profesionales que est\u00e1n en el territorio as\u00ed como la formaci\u00f3n de personas que intervienen directa o indirectamente con v\u00edctimas de violencia de g\u00e9nero y mejorar las estrategias de trabajo y comunicaci\u00f3n.<\/p>\n<p><img loading=\"lazy\" decoding=\"async\" class=\"alignnone size-medium wp-image-9432\" src=\"http:\/\/www.mancomunidaddetentudia.com\/portal\/wp-content\/uploads\/2017\/09\/Texto-300x225.jpg\" alt=\"\" width=\"300\" height=\"225\" \/><\/p>\n<p>En esta convocatoria han participado personas del \u00e1mbito educativo, Polic\u00eda Local , Guardia Civil, servicios sociales de base, de municipios de la Mancomunidad de Tentud\u00eda, t\u00e9cnicos\/as del Proyecto Pilar y Programa de Atenci\u00f3n a las Familias de la Mancomunidad de Tentud\u00eda.<\/p>\n<p>La bienvenida corri\u00f3 a cargo de la D\u00aa Carmen Pagador L\u00f3pez, Alcaldesa de Fuente de Cantos. A continuaci\u00f3n\u00a0 Maril\u00e9 Calvo Garc\u00eda (Directora de la Casa de la Mujer de Badajoz) y Carmen Frair\u00e9 L\u00f3pez (Jefa de la Unidad de coordinaci\u00f3n contra la violencia sobre la mujer) actualizaron la informaci\u00f3n\u00a0 sobre los recursos en el territorio en el \u00e1mbito de la lucha contra la Violencia hacia las mujeres, presentando como novedad el Programa Primex.<\/p>\n<p>A continuaci\u00f3n tuvieron lugar dos ponencias, la primera \u201cEl trabajo con v\u00edctimas de violenci\u00e1 de G\u00e9nero del los Servicios Sociales de Base\u201d a cargo de\u00a0 Daniel Merch\u00e1n Ugalde, Guadalupe Parra Ruiz y Nuria Cordero S\u00e1nchez ( Servicio Social de Atenci\u00f3n Social B\u00e1sica\u00a0 integrado por los ayuntamientos de Bienvenida, Fuente de Cantos y Calzadilla de los Barros) y \u201cLa Trata de seres humanos con fines de explotaci\u00f3n sexual\u201d\u00a0 a cargo de Profesionales especializadas de la Asociaci\u00f3n de Mujeres en zona de Conflicto.<\/p>\n","protected":false},"excerpt":{"rendered":"<p>En la ma\u00f1ana del 27 de Septiembre, en el Auditorio de M\u00fasica de Fuente de Cantos daba comienzo la Mesa de Coordinaci\u00f3n Territorial Contra la Violencia de G\u00e9nero. El objetivo de estas Mesas son las de crear un espacio de reflexi\u00f3n sobre el trabajo realizado contra la violencia de g\u00e9nero adem\u00e1s de detectar demandas de [&hellip;]<\/p>\n","protected":false},"author":23,"featured_media":0,"comment_status":"open","ping_status":"open","sticky":false,"template":"","format":"standard","meta":{"footnotes":""},"categories":[27,37,68,43],"tags":[188,56],"class_list":{"0":"post-9430","1":"post","2":"type-post","3":"status-publish","4":"format-standard","6":"category-actualidad","7":"category-destacados","8":"category-mancomunidad","9":"category-igualdad","10":"tag-igualdad","11":"tag-mancomunidad"},"_links":{"self":[{"href":"https:\/\/www.mancomunidaddetentudia.com\/portal\/wp-json\/wp\/v2\/posts\/9430","targetHints":{"allow":["GET"]}}],"collection":[{"href":"https:\/\/www.mancomunidaddetentudia.com\/portal\/wp-json\/wp\/v2\/posts"}],"about":[{"href":"https:\/\/www.mancomunidaddetentudia.com\/portal\/wp-json\/wp\/v2\/types\/post"}],"author":[{"embeddable":true,"href":"https:\/\/www.mancomunidaddetentudia.com\/portal\/wp-json\/wp\/v2\/users\/23"}],"replies":[{"embeddable":true,"href":"https:\/\/www.mancomunidaddetentudia.com\/portal\/wp-json\/wp\/v2\/comments?post=9430"}],"version-history":[{"count":2,"href":"https:\/\/www.mancomunidaddetentudia.com\/portal\/wp-json\/wp\/v2\/posts\/9430\/revisions"}],"predecessor-version":[{"id":9435,"href":"https:\/\/www.mancomunidaddetentudia.com\/portal\/wp-json\/wp\/v2\/posts\/9430\/revisions\/9435"}],"wp:attachment":[{"href":"https:\/\/www.mancomunidaddetentudia.com\/portal\/wp-json\/wp\/v2\/media?parent=9430"}],"wp:term":[{"taxonomy":"category","embeddable":true,"href":"https:\/\/www.mancomunidaddetentudia.com\/portal\/wp-json\/wp\/v2\/categories?post=9430"},{"taxonomy":"post_tag","embeddable":true,"href":"https:\/\/www.mancomunidaddetentudia.com\/portal\/wp-json\/wp\/v2\/tags?post=9430"}],"curies":[{"name":"wp","href":"https:\/\/api.w.org\/{rel}","templated":true}]}}