{"id":9456,"date":"2017-09-29T11:38:43","date_gmt":"2017-09-29T10:38:43","guid":{"rendered":"http:\/\/www.mancomunidaddetentudia.com\/portal\/?p=9456"},"modified":"2017-09-29T11:38:43","modified_gmt":"2017-09-29T10:38:43","slug":"i-foro-ganadero","status":"publish","type":"post","link":"https:\/\/www.mancomunidaddetentudia.com\/portal\/i-foro-ganadero\/","title":{"rendered":"I FORO GANADERO"},"content":{"rendered":"<p>El pr\u00f3ximo 2 de octubre, se celebrar\u00e1 en Zafra el I FORO GANADERO, organizado por SERVETEX y en colaboraci\u00f3n con el Ayuntamiento de la localidad y SEPRONA.<\/p>\n<p>Este evento, que tendr\u00e1 lugar durante la celebraci\u00f3n de la Feria Internacional Ganadera de Zafra, arrancar\u00e1 con la inauguraci\u00f3n a cargo del alcalde de la ciudad, y contar\u00e1 con las intervenciones de representantes del Seprona, la Consejer\u00eda de Medio Ambiente y distintos expertos y profesionales del sector.<\/p>\n<p>Durante estas jornadas t\u00e9cnicas, se realizar\u00e1 adem\u00e1s la entrega del premio MESTO al mejor ganadero de la dehesa 2017.<\/p>\n<p>Al finalizar las jornadas, tendr\u00e1 lugar una degustaci\u00f3n de productos de la dehesa.<\/p>\n<p><img loading=\"lazy\" decoding=\"async\" class=\"alignnone size-medium wp-image-9458\" src=\"http:\/\/www.mancomunidaddetentudia.com\/portal\/wp-content\/uploads\/2017\/09\/dehesa-300x200.jpg\" alt=\"\" width=\"300\" height=\"200\" srcset=\"https:\/\/www.mancomunidaddetentudia.com\/portal\/wp-content\/uploads\/2017\/09\/dehesa-300x200.jpg 300w, https:\/\/www.mancomunidaddetentudia.com\/portal\/wp-content\/uploads\/2017\/09\/dehesa-768x511.jpg 768w, https:\/\/www.mancomunidaddetentudia.com\/portal\/wp-content\/uploads\/2017\/09\/dehesa-696x463.jpg 696w, https:\/\/www.mancomunidaddetentudia.com\/portal\/wp-content\/uploads\/2017\/09\/dehesa-631x420.jpg 631w, https:\/\/www.mancomunidaddetentudia.com\/portal\/wp-content\/uploads\/2017\/09\/dehesa.jpg 941w\" sizes=\"auto, (max-width: 300px) 100vw, 300px\" \/><\/p>\n","protected":false},"excerpt":{"rendered":"<p>El pr\u00f3ximo 2 de octubre, se celebrar\u00e1 en Zafra el I FORO GANADERO, organizado por SERVETEX y en colaboraci\u00f3n con el Ayuntamiento de la localidad y SEPRONA. Este evento, que tendr\u00e1 lugar durante la celebraci\u00f3n de la Feria Internacional Ganadera de Zafra, arrancar\u00e1 con la inauguraci\u00f3n a cargo del alcalde de la ciudad, y contar\u00e1 [&hellip;]<\/p>\n","protected":false},"author":23,"featured_media":0,"comment_status":"open","ping_status":"open","sticky":false,"template":"","format":"standard","meta":{"footnotes":""},"categories":[27,37],"tags":[],"class_list":{"0":"post-9456","1":"post","2":"type-post","3":"status-publish","4":"format-standard","6":"category-actualidad","7":"category-destacados"},"_links":{"self":[{"href":"https:\/\/www.mancomunidaddetentudia.com\/portal\/wp-json\/wp\/v2\/posts\/9456","targetHints":{"allow":["GET"]}}],"collection":[{"href":"https:\/\/www.mancomunidaddetentudia.com\/portal\/wp-json\/wp\/v2\/posts"}],"about":[{"href":"https:\/\/www.mancomunidaddetentudia.com\/portal\/wp-json\/wp\/v2\/types\/post"}],"author":[{"embeddable":true,"href":"https:\/\/www.mancomunidaddetentudia.com\/portal\/wp-json\/wp\/v2\/users\/23"}],"replies":[{"embeddable":true,"href":"https:\/\/www.mancomunidaddetentudia.com\/portal\/wp-json\/wp\/v2\/comments?post=9456"}],"version-history":[{"count":1,"href":"https:\/\/www.mancomunidaddetentudia.com\/portal\/wp-json\/wp\/v2\/posts\/9456\/revisions"}],"predecessor-version":[{"id":9459,"href":"https:\/\/www.mancomunidaddetentudia.com\/portal\/wp-json\/wp\/v2\/posts\/9456\/revisions\/9459"}],"wp:attachment":[{"href":"https:\/\/www.mancomunidaddetentudia.com\/portal\/wp-json\/wp\/v2\/media?parent=9456"}],"wp:term":[{"taxonomy":"category","embeddable":true,"href":"https:\/\/www.mancomunidaddetentudia.com\/portal\/wp-json\/wp\/v2\/categories?post=9456"},{"taxonomy":"post_tag","embeddable":true,"href":"https:\/\/www.mancomunidaddetentudia.com\/portal\/wp-json\/wp\/v2\/tags?post=9456"}],"curies":[{"name":"wp","href":"https:\/\/api.w.org\/{rel}","templated":true}]}}