{"id":9478,"date":"2017-10-06T12:18:26","date_gmt":"2017-10-06T11:18:26","guid":{"rendered":"http:\/\/www.mancomunidaddetentudia.com\/portal\/?p=9478"},"modified":"2017-10-06T12:18:26","modified_gmt":"2017-10-06T11:18:26","slug":"el-cid-tentudia-acogera-el-proximo-17-de-octubre-la-feria-de-empleo-emprendimiento-y-empresa","status":"publish","type":"post","link":"https:\/\/www.mancomunidaddetentudia.com\/portal\/el-cid-tentudia-acogera-el-proximo-17-de-octubre-la-feria-de-empleo-emprendimiento-y-empresa\/","title":{"rendered":"EL CID TENTUD\u00cdA ACOGER\u00c1 EL PR\u00d3XIMO 17 DE OCTUBRE LA FERIA DE EMPLEO, EMPRENDIMIENTO Y EMPRESA"},"content":{"rendered":"<p>La <strong><em>\u201cFeria del empleo, el emprendimiento y la empresa de la provincia de Badajoz\u201d<\/em><\/strong> es un evento dise\u00f1ado para atraer a m\u00e1s personas al mercado laboral, fomentando la empleabilidad, la inclusi\u00f3n social y la igualdad entre hombres y mujeres.<\/p>\n<p>Este evento se desarrollar\u00e1 en 6 actuaciones que se llevar\u00e1n a cabo en el CID Tentud\u00eda el pr\u00f3ximo 17 de octubre. Se enmarca dentro del <strong>Programa Local de Apoyo al Empleo<\/strong> (PLAE) cofinanciado con Fondo Social Europeo, y que el \u00c1rea de Igualdad y Desarrollo Local de la Diputaci\u00f3n de Badajoz, conjuntamente con la C\u00e1mara de Comercio de Badajoz, est\u00e1 ejecutando a trav\u00e9s de su red provincial de Centros Integrales de Desarrollo (Red CID).<\/p>\n<p>Durante la feria tendr\u00e1n lugar diversos talleres, y se habilitar\u00e1n diferentes zonas y espacios para llevar a cabo actividades paralelas, como la creaci\u00f3n de un videocurr\u00edculum o entrevistas con empresas que tienen procesos de selecci\u00f3n abiertos.<\/p>\n<p>Podr\u00e1s encontrar el programa en el siguiente enlace: <a href=\"http:\/\/www.mancomunidaddetentudia.com\/portal\/wp-content\/uploads\/2017\/10\/Programa-Feria-Empleo-Tentud\u00eda.pdf\">Programa Feria Empleo Tentud\u00eda<\/a><\/p>\n","protected":false},"excerpt":{"rendered":"<p>La \u201cFeria del empleo, el emprendimiento y la empresa de la provincia de Badajoz\u201d es un evento dise\u00f1ado para atraer a m\u00e1s personas al mercado laboral, fomentando la empleabilidad, la inclusi\u00f3n social y la igualdad entre hombres y mujeres. Este evento se desarrollar\u00e1 en 6 actuaciones que se llevar\u00e1n a cabo en el CID Tentud\u00eda [&hellip;]<\/p>\n","protected":false},"author":23,"featured_media":0,"comment_status":"open","ping_status":"open","sticky":false,"template":"","format":"standard","meta":{"footnotes":""},"categories":[27,37],"tags":[],"class_list":{"0":"post-9478","1":"post","2":"type-post","3":"status-publish","4":"format-standard","6":"category-actualidad","7":"category-destacados"},"_links":{"self":[{"href":"https:\/\/www.mancomunidaddetentudia.com\/portal\/wp-json\/wp\/v2\/posts\/9478","targetHints":{"allow":["GET"]}}],"collection":[{"href":"https:\/\/www.mancomunidaddetentudia.com\/portal\/wp-json\/wp\/v2\/posts"}],"about":[{"href":"https:\/\/www.mancomunidaddetentudia.com\/portal\/wp-json\/wp\/v2\/types\/post"}],"author":[{"embeddable":true,"href":"https:\/\/www.mancomunidaddetentudia.com\/portal\/wp-json\/wp\/v2\/users\/23"}],"replies":[{"embeddable":true,"href":"https:\/\/www.mancomunidaddetentudia.com\/portal\/wp-json\/wp\/v2\/comments?post=9478"}],"version-history":[{"count":1,"href":"https:\/\/www.mancomunidaddetentudia.com\/portal\/wp-json\/wp\/v2\/posts\/9478\/revisions"}],"predecessor-version":[{"id":9483,"href":"https:\/\/www.mancomunidaddetentudia.com\/portal\/wp-json\/wp\/v2\/posts\/9478\/revisions\/9483"}],"wp:attachment":[{"href":"https:\/\/www.mancomunidaddetentudia.com\/portal\/wp-json\/wp\/v2\/media?parent=9478"}],"wp:term":[{"taxonomy":"category","embeddable":true,"href":"https:\/\/www.mancomunidaddetentudia.com\/portal\/wp-json\/wp\/v2\/categories?post=9478"},{"taxonomy":"post_tag","embeddable":true,"href":"https:\/\/www.mancomunidaddetentudia.com\/portal\/wp-json\/wp\/v2\/tags?post=9478"}],"curies":[{"name":"wp","href":"https:\/\/api.w.org\/{rel}","templated":true}]}}