{"id":9492,"date":"2017-10-09T06:54:29","date_gmt":"2017-10-09T05:54:29","guid":{"rendered":"http:\/\/www.mancomunidaddetentudia.com\/portal\/?p=9492"},"modified":"2017-10-09T06:54:29","modified_gmt":"2017-10-09T05:54:29","slug":"fuente-de-cantos-celebra-el-xiv-otono-flamenco","status":"publish","type":"post","link":"https:\/\/www.mancomunidaddetentudia.com\/portal\/fuente-de-cantos-celebra-el-xiv-otono-flamenco\/","title":{"rendered":"FUENTE DE CANTOS CELEBRA EL \u201cXIV OTO\u00d1O FLAMENCO\u201d"},"content":{"rendered":"<p>Durante los d\u00edas 20, 21, 27 y 28 de octubre, la localidad de Fuente de Cantos acoger\u00e1 el \u00abXIV Oto\u00f1o Flamenco\u00bb. Este a\u00f1o el evento rinde homenaje al cantaor extreme\u00f1o Juan Cantero.<\/p>\n<p>Las actuaciones de los diferentes artistas tendr\u00e1n lugar a partir de las 21:15h en el Teatro Municipal del Centro de Asociaciones de la localidad.<\/p>\n<p>Entre los artistas participantes en el evento se encuentran Miguel Tena, Viky Gonz\u00e1lez, Miriam Cantero as\u00ed como Jes\u00fas Ortega y CIA o Carmen la Parre\u00f1a.<\/p>\n<p>Los aficionados a este arte pueden obtener su abono desde 20 euros y disfrutar de las distintas actuaciones programadas durante el mencionado festival.<\/p>\n","protected":false},"excerpt":{"rendered":"<p>Durante los d\u00edas 20, 21, 27 y 28 de octubre, la localidad de Fuente de Cantos acoger\u00e1 el \u00abXIV Oto\u00f1o Flamenco\u00bb. Este a\u00f1o el evento rinde homenaje al cantaor extreme\u00f1o Juan Cantero. Las actuaciones de los diferentes artistas tendr\u00e1n lugar a partir de las 21:15h en el Teatro Municipal del Centro de Asociaciones de la [&hellip;]<\/p>\n","protected":false},"author":23,"featured_media":0,"comment_status":"open","ping_status":"open","sticky":false,"template":"","format":"standard","meta":{"footnotes":""},"categories":[27,253],"tags":[],"class_list":{"0":"post-9492","1":"post","2":"type-post","3":"status-publish","4":"format-standard","6":"category-actualidad","7":"category-arte"},"_links":{"self":[{"href":"https:\/\/www.mancomunidaddetentudia.com\/portal\/wp-json\/wp\/v2\/posts\/9492","targetHints":{"allow":["GET"]}}],"collection":[{"href":"https:\/\/www.mancomunidaddetentudia.com\/portal\/wp-json\/wp\/v2\/posts"}],"about":[{"href":"https:\/\/www.mancomunidaddetentudia.com\/portal\/wp-json\/wp\/v2\/types\/post"}],"author":[{"embeddable":true,"href":"https:\/\/www.mancomunidaddetentudia.com\/portal\/wp-json\/wp\/v2\/users\/23"}],"replies":[{"embeddable":true,"href":"https:\/\/www.mancomunidaddetentudia.com\/portal\/wp-json\/wp\/v2\/comments?post=9492"}],"version-history":[{"count":1,"href":"https:\/\/www.mancomunidaddetentudia.com\/portal\/wp-json\/wp\/v2\/posts\/9492\/revisions"}],"predecessor-version":[{"id":9493,"href":"https:\/\/www.mancomunidaddetentudia.com\/portal\/wp-json\/wp\/v2\/posts\/9492\/revisions\/9493"}],"wp:attachment":[{"href":"https:\/\/www.mancomunidaddetentudia.com\/portal\/wp-json\/wp\/v2\/media?parent=9492"}],"wp:term":[{"taxonomy":"category","embeddable":true,"href":"https:\/\/www.mancomunidaddetentudia.com\/portal\/wp-json\/wp\/v2\/categories?post=9492"},{"taxonomy":"post_tag","embeddable":true,"href":"https:\/\/www.mancomunidaddetentudia.com\/portal\/wp-json\/wp\/v2\/tags?post=9492"}],"curies":[{"name":"wp","href":"https:\/\/api.w.org\/{rel}","templated":true}]}}