{"id":9547,"date":"2017-10-18T07:59:25","date_gmt":"2017-10-18T06:59:25","guid":{"rendered":"http:\/\/www.mancomunidaddetentudia.com\/portal\/?p=9547"},"modified":"2017-10-18T08:13:54","modified_gmt":"2017-10-18T07:13:54","slug":"la-comarca-de-tentudia-y-sus-recursos-turisticos-presentes-en-la-feria-de-empleo-empresa-y-emprendimiento","status":"publish","type":"post","link":"https:\/\/www.mancomunidaddetentudia.com\/portal\/la-comarca-de-tentudia-y-sus-recursos-turisticos-presentes-en-la-feria-de-empleo-empresa-y-emprendimiento\/","title":{"rendered":"LA COMARCA DE TENTUD\u00cdA Y SUS RECURSOS TUR\u00cdSTICOS PRESENTES EN LA FERIA DE EMPLEO, EMPRESA Y EMPRENDIMIENTO"},"content":{"rendered":"<p>El pasado martes 17 de octubre se celebr\u00f3 en las instalaciones del CID Tentud\u00eda la Feria de Empleo, Empresa y Emprendimiento, iniciativa organizada por la Diputaci\u00f3n de Badajoz.<\/p>\n<p>Durante toda la ma\u00f1ana tuvieron lugar diferentes talleres, charlas y exposiciones. Los participantes que lo desearan, pudieron adem\u00e1s grabar un videocurr\u00edculum y realizar entrevistas para optar a un puesto de trabajo con empresas que cuentan actualmente con procesos de selecci\u00f3n abiertos.<\/p>\n<p>Este evento, que cont\u00f3 con un elevado n\u00famero de asistentes, congreg\u00f3 a trabajadores desempleados, empresas de la Comarca y representantes de distintas instituciones p\u00fablicas. Asimismo estuvieron presentes los t\u00e9cnicos y agentes dinamizadores del territorio, quienes contaron con un espacio habilitado para promocionar y dar a conocer los recursos, actividades y eventos tur\u00edsticos de la zona.<\/p>\n<p><img loading=\"lazy\" decoding=\"async\" class=\"alignnone size-medium wp-image-9551\" src=\"http:\/\/www.mancomunidaddetentudia.com\/portal\/wp-content\/uploads\/2017\/10\/tecnicos-feria-empleo1-300x225.jpg\" alt=\"\" width=\"300\" height=\"225\" srcset=\"https:\/\/www.mancomunidaddetentudia.com\/portal\/wp-content\/uploads\/2017\/10\/tecnicos-feria-empleo1-300x225.jpg 300w, https:\/\/www.mancomunidaddetentudia.com\/portal\/wp-content\/uploads\/2017\/10\/tecnicos-feria-empleo1-768x576.jpg 768w, https:\/\/www.mancomunidaddetentudia.com\/portal\/wp-content\/uploads\/2017\/10\/tecnicos-feria-empleo1-80x60.jpg 80w, https:\/\/www.mancomunidaddetentudia.com\/portal\/wp-content\/uploads\/2017\/10\/tecnicos-feria-empleo1-265x198.jpg 265w, https:\/\/www.mancomunidaddetentudia.com\/portal\/wp-content\/uploads\/2017\/10\/tecnicos-feria-empleo1-696x522.jpg 696w, https:\/\/www.mancomunidaddetentudia.com\/portal\/wp-content\/uploads\/2017\/10\/tecnicos-feria-empleo1-560x420.jpg 560w, https:\/\/www.mancomunidaddetentudia.com\/portal\/wp-content\/uploads\/2017\/10\/tecnicos-feria-empleo1.jpg 784w\" sizes=\"auto, (max-width: 300px) 100vw, 300px\" \/><\/p>\n","protected":false},"excerpt":{"rendered":"<p>El pasado martes 17 de octubre se celebr\u00f3 en las instalaciones del CID Tentud\u00eda la Feria de Empleo, Empresa y Emprendimiento, iniciativa organizada por la Diputaci\u00f3n de Badajoz. Durante toda la ma\u00f1ana tuvieron lugar diferentes talleres, charlas y exposiciones. Los participantes que lo desearan, pudieron adem\u00e1s grabar un videocurr\u00edculum y realizar entrevistas para optar a [&hellip;]<\/p>\n","protected":false},"author":23,"featured_media":9550,"comment_status":"open","ping_status":"open","sticky":false,"template":"","format":"standard","meta":{"footnotes":""},"categories":[27,37,68],"tags":[],"class_list":{"0":"post-9547","1":"post","2":"type-post","3":"status-publish","4":"format-standard","5":"has-post-thumbnail","7":"category-actualidad","8":"category-destacados","9":"category-mancomunidad"},"_links":{"self":[{"href":"https:\/\/www.mancomunidaddetentudia.com\/portal\/wp-json\/wp\/v2\/posts\/9547","targetHints":{"allow":["GET"]}}],"collection":[{"href":"https:\/\/www.mancomunidaddetentudia.com\/portal\/wp-json\/wp\/v2\/posts"}],"about":[{"href":"https:\/\/www.mancomunidaddetentudia.com\/portal\/wp-json\/wp\/v2\/types\/post"}],"author":[{"embeddable":true,"href":"https:\/\/www.mancomunidaddetentudia.com\/portal\/wp-json\/wp\/v2\/users\/23"}],"replies":[{"embeddable":true,"href":"https:\/\/www.mancomunidaddetentudia.com\/portal\/wp-json\/wp\/v2\/comments?post=9547"}],"version-history":[{"count":3,"href":"https:\/\/www.mancomunidaddetentudia.com\/portal\/wp-json\/wp\/v2\/posts\/9547\/revisions"}],"predecessor-version":[{"id":9552,"href":"https:\/\/www.mancomunidaddetentudia.com\/portal\/wp-json\/wp\/v2\/posts\/9547\/revisions\/9552"}],"wp:featuredmedia":[{"embeddable":true,"href":"https:\/\/www.mancomunidaddetentudia.com\/portal\/wp-json\/wp\/v2\/media\/9550"}],"wp:attachment":[{"href":"https:\/\/www.mancomunidaddetentudia.com\/portal\/wp-json\/wp\/v2\/media?parent=9547"}],"wp:term":[{"taxonomy":"category","embeddable":true,"href":"https:\/\/www.mancomunidaddetentudia.com\/portal\/wp-json\/wp\/v2\/categories?post=9547"},{"taxonomy":"post_tag","embeddable":true,"href":"https:\/\/www.mancomunidaddetentudia.com\/portal\/wp-json\/wp\/v2\/tags?post=9547"}],"curies":[{"name":"wp","href":"https:\/\/api.w.org\/{rel}","templated":true}]}}