{"id":9653,"date":"2017-11-15T11:13:30","date_gmt":"2017-11-15T10:13:30","guid":{"rendered":"http:\/\/www.mancomunidaddetentudia.com\/portal\/?p=9653"},"modified":"2017-11-15T11:13:30","modified_gmt":"2017-11-15T10:13:30","slug":"talleres-colegios-de-educacion-infantil-y-primaria","status":"publish","type":"post","link":"https:\/\/www.mancomunidaddetentudia.com\/portal\/talleres-colegios-de-educacion-infantil-y-primaria\/","title":{"rendered":"TALLERES COLEGIOS DE EDUCACI\u00d3N INFANTIL Y PRIMARIA"},"content":{"rendered":"<p>En estos d\u00edas cercanos al 25 de Noviembre \u201cD\u00eda Internacional contra la Violencia de g\u00e9nero\u201d, nos estamos desplazando a\u00a0 diversos Centros de Educaci\u00f3n Infantil y Primaria de Bodonal de la Sierra, Calera de Le\u00f3n, Fuente de Cantos (CEIP Francisco de Zurbar\u00e1n), Montemol\u00edn y Segura de Le\u00f3n para sensibilizar con dos\u00a0 talleres dirigidos a\u00a0 los alumnos y alumnas de todos los cursos de estos colegios, de la importancia del buen trato entre iguales.<\/p>\n<p>El primer taller es Libr\u00eda busca sonrisas en el Patio I y Libr\u00eda busca sonrisas en el Patio II, donde a trav\u00e9s de dos cuentos,\u00a0 se busca la resoluci\u00f3n pac\u00edfica de conflictos entre iguales, como base del aprendizaje del respeto y la igualdad a trav\u00e9s de los cuentos.<\/p>\n<p><a href=\"http:\/\/www.mancomunidaddetentudia.com\/portal\/wp-content\/uploads\/2017\/11\/IMG_20171103_105425.jpg\"><img loading=\"lazy\" decoding=\"async\" class=\"alignnone wp-image-9655 size-medium\" src=\"http:\/\/www.mancomunidaddetentudia.com\/portal\/wp-content\/uploads\/2017\/11\/IMG_20171103_105425-300x168.jpg\" alt=\"\" width=\"300\" height=\"168\" srcset=\"https:\/\/www.mancomunidaddetentudia.com\/portal\/wp-content\/uploads\/2017\/11\/IMG_20171103_105425-300x168.jpg 300w, https:\/\/www.mancomunidaddetentudia.com\/portal\/wp-content\/uploads\/2017\/11\/IMG_20171103_105425-768x431.jpg 768w, https:\/\/www.mancomunidaddetentudia.com\/portal\/wp-content\/uploads\/2017\/11\/IMG_20171103_105425-1024x575.jpg 1024w, https:\/\/www.mancomunidaddetentudia.com\/portal\/wp-content\/uploads\/2017\/11\/IMG_20171103_105425-696x391.jpg 696w, https:\/\/www.mancomunidaddetentudia.com\/portal\/wp-content\/uploads\/2017\/11\/IMG_20171103_105425-1068x600.jpg 1068w, https:\/\/www.mancomunidaddetentudia.com\/portal\/wp-content\/uploads\/2017\/11\/IMG_20171103_105425-748x420.jpg 748w\" sizes=\"auto, (max-width: 300px) 100vw, 300px\" \/><\/a><\/p>\n<p>El segundo taller es Arturo y Clementina, con el cual se trabaja las agresiones que no son f\u00edsicas, sino psicol\u00f3gicas, las cuales son las m\u00e1s dif\u00edciles de detectar, ayudando a identificar al alumnado el buen y el mal trato.<\/p>\n<p>-Bodonal de la Sierra 14 Noviembre: Arturo y Clementina 4\u00ba, 5\u00ba y 6\u00ba.<\/p>\n<p>-Calera de Le\u00f3n, 20 de Noviembre: Todos los cursos, desde 3 a\u00f1os hasta 6\u00ba.<\/p>\n<p>L\u00edbria busca sonrisas en los patios I y II , junto con\u00a0 Arturo y Clementina.<\/p>\n<p>-Fuente de Cantos (CEIP Francisco de Zurbar\u00e1n)\u00a0 3, 7 y 9 de Noviembre:<\/p>\n<p>Educaci\u00f3n Infantil completa con L\u00edbria busca sonrisas en los patios I y II.<\/p>\n<p>2\u00ba y 5\u00ba con Arturo y Clementina.<\/p>\n<p>-Montemol\u00edn 10 de Noviembre: \u00a0Todos los cursos, desde 3 a\u00f1os hasta 6\u00ba.<\/p>\n<p>L\u00edbria busca sonrisas en los patios I y II, junto con\u00a0 Arturo y Clementina.<\/p>\n<p>-Segura de Le\u00f3n 6 y 13 de Noviembre:<\/p>\n<p>Educaci\u00f3n Infantil todos los cursos y 1\u00ba Libria busca sonrisas en los patios I y II.<\/p>\n<p>4\u00ba y 3\u00ba con Arturo y Clementina.<\/p>\n<p><a href=\"http:\/\/www.mancomunidaddetentudia.com\/portal\/wp-content\/uploads\/2017\/11\/IMG_20171110_132452-2.jpg\"><img loading=\"lazy\" decoding=\"async\" class=\"alignnone wp-image-9658 size-medium\" src=\"http:\/\/www.mancomunidaddetentudia.com\/portal\/wp-content\/uploads\/2017\/11\/IMG_20171110_132452-2-169x300.jpg\" alt=\"\" width=\"169\" height=\"300\" \/><\/a><\/p>\n","protected":false},"excerpt":{"rendered":"<p>En estos d\u00edas cercanos al 25 de Noviembre \u201cD\u00eda Internacional contra la Violencia de g\u00e9nero\u201d, nos estamos desplazando a\u00a0 diversos Centros de Educaci\u00f3n Infantil y Primaria de Bodonal de la Sierra, Calera de Le\u00f3n, Fuente de Cantos (CEIP Francisco de Zurbar\u00e1n), Montemol\u00edn y Segura de Le\u00f3n para sensibilizar con dos\u00a0 talleres dirigidos a\u00a0 los alumnos [&hellip;]<\/p>\n","protected":false},"author":23,"featured_media":9654,"comment_status":"open","ping_status":"open","sticky":false,"template":"","format":"standard","meta":{"footnotes":""},"categories":[27,43],"tags":[],"class_list":{"0":"post-9653","1":"post","2":"type-post","3":"status-publish","4":"format-standard","5":"has-post-thumbnail","7":"category-actualidad","8":"category-igualdad"},"_links":{"self":[{"href":"https:\/\/www.mancomunidaddetentudia.com\/portal\/wp-json\/wp\/v2\/posts\/9653","targetHints":{"allow":["GET"]}}],"collection":[{"href":"https:\/\/www.mancomunidaddetentudia.com\/portal\/wp-json\/wp\/v2\/posts"}],"about":[{"href":"https:\/\/www.mancomunidaddetentudia.com\/portal\/wp-json\/wp\/v2\/types\/post"}],"author":[{"embeddable":true,"href":"https:\/\/www.mancomunidaddetentudia.com\/portal\/wp-json\/wp\/v2\/users\/23"}],"replies":[{"embeddable":true,"href":"https:\/\/www.mancomunidaddetentudia.com\/portal\/wp-json\/wp\/v2\/comments?post=9653"}],"version-history":[{"count":1,"href":"https:\/\/www.mancomunidaddetentudia.com\/portal\/wp-json\/wp\/v2\/posts\/9653\/revisions"}],"predecessor-version":[{"id":9659,"href":"https:\/\/www.mancomunidaddetentudia.com\/portal\/wp-json\/wp\/v2\/posts\/9653\/revisions\/9659"}],"wp:featuredmedia":[{"embeddable":true,"href":"https:\/\/www.mancomunidaddetentudia.com\/portal\/wp-json\/wp\/v2\/media\/9654"}],"wp:attachment":[{"href":"https:\/\/www.mancomunidaddetentudia.com\/portal\/wp-json\/wp\/v2\/media?parent=9653"}],"wp:term":[{"taxonomy":"category","embeddable":true,"href":"https:\/\/www.mancomunidaddetentudia.com\/portal\/wp-json\/wp\/v2\/categories?post=9653"},{"taxonomy":"post_tag","embeddable":true,"href":"https:\/\/www.mancomunidaddetentudia.com\/portal\/wp-json\/wp\/v2\/tags?post=9653"}],"curies":[{"name":"wp","href":"https:\/\/api.w.org\/{rel}","templated":true}]}}