{"id":9686,"date":"2017-11-27T12:53:40","date_gmt":"2017-11-27T11:53:40","guid":{"rendered":"http:\/\/www.mancomunidaddetentudia.com\/portal\/?p=9686"},"modified":"2017-11-27T12:53:40","modified_gmt":"2017-11-27T11:53:40","slug":"la-mancomunidad-se-reune-con-el-equipo-responsable-de-acuanex-para-tratar-el-problema-de-la-sequia","status":"publish","type":"post","link":"https:\/\/www.mancomunidaddetentudia.com\/portal\/la-mancomunidad-se-reune-con-el-equipo-responsable-de-acuanex-para-tratar-el-problema-de-la-sequia\/","title":{"rendered":"LA MANCOMUNIDAD SE RE\u00daNE CON EL EQUIPO RESPONSABLE DE ACUANEX PARA TRATAR EL PROBLEMA DE LA SEQU\u00cdA"},"content":{"rendered":"<p>En cumplimiento del Plan Especial de Sequ\u00edas del Guadiana, se insta desde el organismo de esta cuenca a que por parte de la Mancomunidad de Tentud\u00eda se activen, seg\u00fan proceda, las medidas correspondientes fijadas en su Plan de Emergencia que permitan paliar los efectos perjudiciales que en dicha situaci\u00f3n se pudieran derivar para el sistema de abastecimiento urbano correspondiente a su \u00e1mbito de actuaci\u00f3n.<\/p>\n<p>En este sentido, la presidenta de la Mancomunidad, Mercedes D\u00edaz Ba\u00f1os, mantuvo la semana pasada una reuni\u00f3n con los responsables de ACUANEX, empresa que gestiona todos los procesos relacionados con el ciclo integral del agua.<\/p>\n<p>En dicha reuni\u00f3n se establecieron distintas pautas a seguir, entre ellas solicitar una reuni\u00f3n con el presidente de la Confederaci\u00f3n Hidrogr\u00e1fica del Guadiana con el fin de exponerle la preocupaci\u00f3n de toda la Comarca al contar \u00fanicamente con una capacidad de 5 Hm3, siendo \u00e9stos muy insuficientes teniendo en cuenta que tenemos un a\u00f1o hidrol\u00f3gico de pocas lluvias y dependiendo el pantano exclusivamente de las aguas de escorrent\u00eda producido por las mismas.<\/p>\n<p>Por otra parte, se acord\u00f3 la puesta en marcha de los pozos que se construyeron con las obras de emergencias del a\u00f1o 2006, y de esta manera pormenorizar en la medida de lo posible el uso del agua del pantano de Tentud\u00eda.<\/p>\n<p>Finalmente se decidi\u00f3 iniciar una campa\u00f1a de sensibilizaci\u00f3n para el uso y consumo responsable del agua dirigida a la poblaci\u00f3n en general, con especial \u00e9nfasis en los colegios e institutos de toda la Comarca.<\/p>\n","protected":false},"excerpt":{"rendered":"<p>En cumplimiento del Plan Especial de Sequ\u00edas del Guadiana, se insta desde el organismo de esta cuenca a que por parte de la Mancomunidad de Tentud\u00eda se activen, seg\u00fan proceda, las medidas correspondientes fijadas en su Plan de Emergencia que permitan paliar los efectos perjudiciales que en dicha situaci\u00f3n se pudieran derivar para el sistema [&hellip;]<\/p>\n","protected":false},"author":23,"featured_media":9687,"comment_status":"open","ping_status":"open","sticky":false,"template":"","format":"standard","meta":{"footnotes":""},"categories":[42,27,37,68,23],"tags":[],"class_list":{"0":"post-9686","1":"post","2":"type-post","3":"status-publish","4":"format-standard","5":"has-post-thumbnail","7":"category-abastecimiento-de-aguas","8":"category-actualidad","9":"category-destacados","10":"category-mancomunidad","11":"category-notas-de-prensa"},"_links":{"self":[{"href":"https:\/\/www.mancomunidaddetentudia.com\/portal\/wp-json\/wp\/v2\/posts\/9686","targetHints":{"allow":["GET"]}}],"collection":[{"href":"https:\/\/www.mancomunidaddetentudia.com\/portal\/wp-json\/wp\/v2\/posts"}],"about":[{"href":"https:\/\/www.mancomunidaddetentudia.com\/portal\/wp-json\/wp\/v2\/types\/post"}],"author":[{"embeddable":true,"href":"https:\/\/www.mancomunidaddetentudia.com\/portal\/wp-json\/wp\/v2\/users\/23"}],"replies":[{"embeddable":true,"href":"https:\/\/www.mancomunidaddetentudia.com\/portal\/wp-json\/wp\/v2\/comments?post=9686"}],"version-history":[{"count":2,"href":"https:\/\/www.mancomunidaddetentudia.com\/portal\/wp-json\/wp\/v2\/posts\/9686\/revisions"}],"predecessor-version":[{"id":9689,"href":"https:\/\/www.mancomunidaddetentudia.com\/portal\/wp-json\/wp\/v2\/posts\/9686\/revisions\/9689"}],"wp:featuredmedia":[{"embeddable":true,"href":"https:\/\/www.mancomunidaddetentudia.com\/portal\/wp-json\/wp\/v2\/media\/9687"}],"wp:attachment":[{"href":"https:\/\/www.mancomunidaddetentudia.com\/portal\/wp-json\/wp\/v2\/media?parent=9686"}],"wp:term":[{"taxonomy":"category","embeddable":true,"href":"https:\/\/www.mancomunidaddetentudia.com\/portal\/wp-json\/wp\/v2\/categories?post=9686"},{"taxonomy":"post_tag","embeddable":true,"href":"https:\/\/www.mancomunidaddetentudia.com\/portal\/wp-json\/wp\/v2\/tags?post=9686"}],"curies":[{"name":"wp","href":"https:\/\/api.w.org\/{rel}","templated":true}]}}