{"id":9706,"date":"2017-12-01T08:37:46","date_gmt":"2017-12-01T07:37:46","guid":{"rendered":"http:\/\/www.mancomunidaddetentudia.com\/portal\/?p=9706"},"modified":"2017-12-01T08:37:46","modified_gmt":"2017-12-01T07:37:46","slug":"actos-realizados-con-motivo-del-dia-internacional-contra-la-violencia-hacia-las-mujeres","status":"publish","type":"post","link":"https:\/\/www.mancomunidaddetentudia.com\/portal\/actos-realizados-con-motivo-del-dia-internacional-contra-la-violencia-hacia-las-mujeres\/","title":{"rendered":"ACTOS REALIZADOS CON MOTIVO DEL D\u00cdA INTERNACIONAL CONTRA LA VIOLENCIA HACIA LAS MUJERES"},"content":{"rendered":"<p>Diversos han sido los actos realizados en los municipios pertenecientes a la Mancomunidad de Tentud\u00eda que se han llevado a cabo con motivo del D\u00eda Internacional de la eliminaci\u00f3n de la violencia contra las mujeres.<\/p>\n<p>Desde los Ayuntamientos de Bodonal de la Sierra, Monesterio, Segura de Le\u00f3n, Fuentes de Le\u00f3n, Calera de Le\u00f3n y Cabeza la Vaca, en colaboraci\u00f3n con la Oficina de igualdad y violencia de g\u00e9nero de la Mancomunidad de Tentud\u00eda se llev\u00f3 a cabo un video f\u00f3rum sobre la pel\u00edcula \u201cLas mujeres de verdad tienen curvas\u201d; dicha pel\u00edcula reflexiona sobre c\u00f3mo se concibe la feminidad desde un modelo tradicional construido bajo el patriarcado; c\u00f3mo se imponen socialmente modelos y c\u00e1nones de belleza etc.<\/p>\n<p><a href=\"http:\/\/www.mancomunidaddetentudia.com\/portal\/wp-content\/uploads\/2017\/12\/20171125_200137.jpg\"><img loading=\"lazy\" decoding=\"async\" class=\"alignnone wp-image-9708 size-medium\" src=\"http:\/\/www.mancomunidaddetentudia.com\/portal\/wp-content\/uploads\/2017\/12\/20171125_200137-300x225.jpg\" alt=\"\" width=\"300\" height=\"225\" srcset=\"https:\/\/www.mancomunidaddetentudia.com\/portal\/wp-content\/uploads\/2017\/12\/20171125_200137-300x225.jpg 300w, https:\/\/www.mancomunidaddetentudia.com\/portal\/wp-content\/uploads\/2017\/12\/20171125_200137-768x576.jpg 768w, https:\/\/www.mancomunidaddetentudia.com\/portal\/wp-content\/uploads\/2017\/12\/20171125_200137-1024x768.jpg 1024w, https:\/\/www.mancomunidaddetentudia.com\/portal\/wp-content\/uploads\/2017\/12\/20171125_200137-80x60.jpg 80w, https:\/\/www.mancomunidaddetentudia.com\/portal\/wp-content\/uploads\/2017\/12\/20171125_200137-265x198.jpg 265w, https:\/\/www.mancomunidaddetentudia.com\/portal\/wp-content\/uploads\/2017\/12\/20171125_200137-696x522.jpg 696w, https:\/\/www.mancomunidaddetentudia.com\/portal\/wp-content\/uploads\/2017\/12\/20171125_200137-1068x801.jpg 1068w, https:\/\/www.mancomunidaddetentudia.com\/portal\/wp-content\/uploads\/2017\/12\/20171125_200137-560x420.jpg 560w\" sizes=\"auto, (max-width: 300px) 100vw, 300px\" \/><\/a><\/p>\n<p>Otra de las actividades realizadas fue el taller bajo el t\u00edtulo: Im\u00e1genes: mujeres y naturaleza. Representaciones; en el mismo se dan a conocer desigualdades entre mujeres y hombres, se hace un recorrido por la evoluci\u00f3n del cuerpo femenino, su consideraci\u00f3n social y la utilizaci\u00f3n del mismo como objeto de representaci\u00f3n art\u00edstica.<\/p>\n<p>Otra propuesta y que ha tenido buena acogida por parte de los municipios ha sido la exposici\u00f3n de la muestra fotogr\u00e1fica \u201cProyecto 25\u201d cuya autor\u00eda corresponde a Pepa G\u00f3mez Bustamante; la misma cuenta con el patrocinio de la Diputaci\u00f3n de Badajoz y el Instituto de la Mujer de Extremadura. El d\u00eda 23 tuvo un acto de presentaci\u00f3n de la muestra en Cabeza la Vaca, contando con la autora y con la directora de la Casa de la Mujer de Badajoz, Maril\u00e9 Calvo Garc\u00eda. Dicha muestra se encuentra actualmente en la localidad de Monesterio y hasta el pr\u00f3ximo 10 de diciembre, se puede visitar en horario de 17.0 a 21.0 horas en la Casa de la Cultura. Del 11 al 26 de diciembre\u00a0 estar\u00e1 expuesta en Segura de Le\u00f3n, en la Casa de la Cultura, podr\u00e1 verse de lunes a viernes de 16.30 a 20.30 horas y a partir del 27 de diciembre y hasta el 10 de enero ser\u00e1 el turno de Calera de Le\u00f3n.<\/p>\n<p>Respecto al \u00e1mbito educativo, esta Oficina ha desarrollado sesiones de sensibilizaci\u00f3n en los centros educativos de educaci\u00f3n infantil y primaria: \u201cCEIP Francisco de Zurbar\u00e1n\u201d de Fuente de Cantos, CEIP Nra. Sra. de Tentud\u00eda de Calera de Le\u00f3n, CEIP Nra. Sra. de Flores de Bodonal de la Sierra,\u00a0 CEIP El Llano de Monesterio, CEIP Nra. Sra. de Guadalupe de Segura de Le\u00f3n y\u00a0 Colegio Nra. Sra. de la Providencia de Montemol\u00edn as\u00ed como el IES Ildefonso Serrano de Segura de Le\u00f3n e IES Maestro Juan Calero de Monesterio.<\/p>\n<p><a href=\"http:\/\/www.mancomunidaddetentudia.com\/portal\/wp-content\/uploads\/2017\/12\/ACTIVIDAD-BODONAL-2.jpg\"><img loading=\"lazy\" decoding=\"async\" class=\"alignnone wp-image-9709 size-medium\" src=\"http:\/\/www.mancomunidaddetentudia.com\/portal\/wp-content\/uploads\/2017\/12\/ACTIVIDAD-BODONAL-2-300x196.jpg\" alt=\"\" width=\"300\" height=\"196\" srcset=\"https:\/\/www.mancomunidaddetentudia.com\/portal\/wp-content\/uploads\/2017\/12\/ACTIVIDAD-BODONAL-2-300x196.jpg 300w, https:\/\/www.mancomunidaddetentudia.com\/portal\/wp-content\/uploads\/2017\/12\/ACTIVIDAD-BODONAL-2-768x501.jpg 768w, https:\/\/www.mancomunidaddetentudia.com\/portal\/wp-content\/uploads\/2017\/12\/ACTIVIDAD-BODONAL-2-1024x668.jpg 1024w, https:\/\/www.mancomunidaddetentudia.com\/portal\/wp-content\/uploads\/2017\/12\/ACTIVIDAD-BODONAL-2-696x454.jpg 696w, https:\/\/www.mancomunidaddetentudia.com\/portal\/wp-content\/uploads\/2017\/12\/ACTIVIDAD-BODONAL-2-741x486.jpg 741w, https:\/\/www.mancomunidaddetentudia.com\/portal\/wp-content\/uploads\/2017\/12\/ACTIVIDAD-BODONAL-2-1068x696.jpg 1068w, https:\/\/www.mancomunidaddetentudia.com\/portal\/wp-content\/uploads\/2017\/12\/ACTIVIDAD-BODONAL-2-644x420.jpg 644w, https:\/\/www.mancomunidaddetentudia.com\/portal\/wp-content\/uploads\/2017\/12\/ACTIVIDAD-BODONAL-2.jpg 1600w\" sizes=\"auto, (max-width: 300px) 100vw, 300px\" \/><\/a><\/p>\n<p>Dentro de este \u00e1mbito y en el IES de Segura de Le\u00f3n, cabe destacar\u00a0 la mesa redonda llevada a cabo entre diversos profesionales que trabajamos con mujeres v\u00edctimas de violencia de g\u00e9nero; en la misma, alumnado de Bachillerato realizaba preguntas a la mesa.<\/p>\n<p>Estas actuaciones est\u00e1n encaminadas a hacer visible la lacra social de la violencia machista, concienciar y prevenirla.<\/p>\n","protected":false},"excerpt":{"rendered":"<p>Diversos han sido los actos realizados en los municipios pertenecientes a la Mancomunidad de Tentud\u00eda que se han llevado a cabo con motivo del D\u00eda Internacional de la eliminaci\u00f3n de la violencia contra las mujeres. Desde los Ayuntamientos de Bodonal de la Sierra, Monesterio, Segura de Le\u00f3n, Fuentes de Le\u00f3n, Calera de Le\u00f3n y Cabeza [&hellip;]<\/p>\n","protected":false},"author":23,"featured_media":9707,"comment_status":"open","ping_status":"open","sticky":false,"template":"","format":"standard","meta":{"footnotes":""},"categories":[23,43],"tags":[],"class_list":{"0":"post-9706","1":"post","2":"type-post","3":"status-publish","4":"format-standard","5":"has-post-thumbnail","7":"category-notas-de-prensa","8":"category-igualdad"},"_links":{"self":[{"href":"https:\/\/www.mancomunidaddetentudia.com\/portal\/wp-json\/wp\/v2\/posts\/9706","targetHints":{"allow":["GET"]}}],"collection":[{"href":"https:\/\/www.mancomunidaddetentudia.com\/portal\/wp-json\/wp\/v2\/posts"}],"about":[{"href":"https:\/\/www.mancomunidaddetentudia.com\/portal\/wp-json\/wp\/v2\/types\/post"}],"author":[{"embeddable":true,"href":"https:\/\/www.mancomunidaddetentudia.com\/portal\/wp-json\/wp\/v2\/users\/23"}],"replies":[{"embeddable":true,"href":"https:\/\/www.mancomunidaddetentudia.com\/portal\/wp-json\/wp\/v2\/comments?post=9706"}],"version-history":[{"count":1,"href":"https:\/\/www.mancomunidaddetentudia.com\/portal\/wp-json\/wp\/v2\/posts\/9706\/revisions"}],"predecessor-version":[{"id":9710,"href":"https:\/\/www.mancomunidaddetentudia.com\/portal\/wp-json\/wp\/v2\/posts\/9706\/revisions\/9710"}],"wp:featuredmedia":[{"embeddable":true,"href":"https:\/\/www.mancomunidaddetentudia.com\/portal\/wp-json\/wp\/v2\/media\/9707"}],"wp:attachment":[{"href":"https:\/\/www.mancomunidaddetentudia.com\/portal\/wp-json\/wp\/v2\/media?parent=9706"}],"wp:term":[{"taxonomy":"category","embeddable":true,"href":"https:\/\/www.mancomunidaddetentudia.com\/portal\/wp-json\/wp\/v2\/categories?post=9706"},{"taxonomy":"post_tag","embeddable":true,"href":"https:\/\/www.mancomunidaddetentudia.com\/portal\/wp-json\/wp\/v2\/tags?post=9706"}],"curies":[{"name":"wp","href":"https:\/\/api.w.org\/{rel}","templated":true}]}}