{"id":9711,"date":"2017-12-01T13:42:57","date_gmt":"2017-12-01T12:42:57","guid":{"rendered":"http:\/\/www.mancomunidaddetentudia.com\/portal\/?p=9711"},"modified":"2017-12-01T13:42:57","modified_gmt":"2017-12-01T12:42:57","slug":"la-escuela-profesional-tentudia-turistica-realiza-una-ruta-de-senderismo","status":"publish","type":"post","link":"https:\/\/www.mancomunidaddetentudia.com\/portal\/la-escuela-profesional-tentudia-turistica-realiza-una-ruta-de-senderismo\/","title":{"rendered":"LA ESCUELA PROFESIONAL \u00abTENTUD\u00cdA TUR\u00cdSTICA\u00bb REALIZA UNA RUTA DE SENDERISMO"},"content":{"rendered":"<p>La Escuela Profesional \u201cTentud\u00eda Tur\u00edstica\u201d de la Mancomunidad de Tentud\u00eda ha realizado una actividad de senderismo con la finalidad de conocer de primera mano el territorio que conforma la comarca de Tentud\u00eda.<\/p>\n<p>Esta ruta les ha llevado a la Sierra de Aguafr\u00eda, en el coraz\u00f3n de la Comarca de Tentud\u00eda, adentr\u00e1ndose a la pista de Cala, en la que se encuentra huertas y explotaciones ganaderas.<\/p>\n<p><a href=\"http:\/\/www.mancomunidaddetentudia.com\/portal\/wp-content\/uploads\/2017\/12\/IMG-20171201-WA0000.jpg\"><img loading=\"lazy\" decoding=\"async\" class=\"alignnone wp-image-9717 size-medium\" src=\"http:\/\/www.mancomunidaddetentudia.com\/portal\/wp-content\/uploads\/2017\/12\/IMG-20171201-WA0000-300x225.jpg\" alt=\"\" width=\"300\" height=\"225\" srcset=\"https:\/\/www.mancomunidaddetentudia.com\/portal\/wp-content\/uploads\/2017\/12\/IMG-20171201-WA0000-300x225.jpg 300w, https:\/\/www.mancomunidaddetentudia.com\/portal\/wp-content\/uploads\/2017\/12\/IMG-20171201-WA0000-768x576.jpg 768w, https:\/\/www.mancomunidaddetentudia.com\/portal\/wp-content\/uploads\/2017\/12\/IMG-20171201-WA0000-80x60.jpg 80w, https:\/\/www.mancomunidaddetentudia.com\/portal\/wp-content\/uploads\/2017\/12\/IMG-20171201-WA0000-265x198.jpg 265w, https:\/\/www.mancomunidaddetentudia.com\/portal\/wp-content\/uploads\/2017\/12\/IMG-20171201-WA0000-696x522.jpg 696w, https:\/\/www.mancomunidaddetentudia.com\/portal\/wp-content\/uploads\/2017\/12\/IMG-20171201-WA0000-560x420.jpg 560w, https:\/\/www.mancomunidaddetentudia.com\/portal\/wp-content\/uploads\/2017\/12\/IMG-20171201-WA0000.jpg 960w\" sizes=\"auto, (max-width: 300px) 100vw, 300px\" \/><\/a><\/p>\n<p>&nbsp;<\/p>\n<p>Posteriormente han ido recorriendo en ascenso, la sierra hasta culminar en el lugar donde se ubica el alto del castillo y su mirador, siendo uno de los puntos m\u00e1s altos de la comarca.<\/p>\n<p>La peculiaridad de esta ruta, se puede encontrar en su belleza paisaj\u00edstica entre casta\u00f1os, pinos, encinas, alcornoques, etc. y sus espectaculares vistas.<\/p>\n<p><a href=\"http:\/\/www.mancomunidaddetentudia.com\/portal\/wp-content\/uploads\/2017\/12\/IMG-20171201-WA0003-1.jpg\"><img loading=\"lazy\" decoding=\"async\" class=\"alignnone wp-image-9716 size-medium\" src=\"http:\/\/www.mancomunidaddetentudia.com\/portal\/wp-content\/uploads\/2017\/12\/IMG-20171201-WA0003-1-223x300.jpg\" alt=\"\" width=\"223\" height=\"300\" srcset=\"https:\/\/www.mancomunidaddetentudia.com\/portal\/wp-content\/uploads\/2017\/12\/IMG-20171201-WA0003-1-223x300.jpg 223w, https:\/\/www.mancomunidaddetentudia.com\/portal\/wp-content\/uploads\/2017\/12\/IMG-20171201-WA0003-1-696x938.jpg 696w, https:\/\/www.mancomunidaddetentudia.com\/portal\/wp-content\/uploads\/2017\/12\/IMG-20171201-WA0003-1-312x420.jpg 312w, https:\/\/www.mancomunidaddetentudia.com\/portal\/wp-content\/uploads\/2017\/12\/IMG-20171201-WA0003-1.jpg 712w\" sizes=\"auto, (max-width: 223px) 100vw, 223px\" \/><\/a><\/p>\n","protected":false},"excerpt":{"rendered":"<p>La Escuela Profesional \u201cTentud\u00eda Tur\u00edstica\u201d de la Mancomunidad de Tentud\u00eda ha realizado una actividad de senderismo con la finalidad de conocer de primera mano el territorio que conforma la comarca de Tentud\u00eda. Esta ruta les ha llevado a la Sierra de Aguafr\u00eda, en el coraz\u00f3n de la Comarca de Tentud\u00eda, adentr\u00e1ndose a la pista de [&hellip;]<\/p>\n","protected":false},"author":23,"featured_media":9714,"comment_status":"open","ping_status":"open","sticky":false,"template":"","format":"standard","meta":{"footnotes":""},"categories":[27,37,68],"tags":[],"class_list":{"0":"post-9711","1":"post","2":"type-post","3":"status-publish","4":"format-standard","5":"has-post-thumbnail","7":"category-actualidad","8":"category-destacados","9":"category-mancomunidad"},"_links":{"self":[{"href":"https:\/\/www.mancomunidaddetentudia.com\/portal\/wp-json\/wp\/v2\/posts\/9711","targetHints":{"allow":["GET"]}}],"collection":[{"href":"https:\/\/www.mancomunidaddetentudia.com\/portal\/wp-json\/wp\/v2\/posts"}],"about":[{"href":"https:\/\/www.mancomunidaddetentudia.com\/portal\/wp-json\/wp\/v2\/types\/post"}],"author":[{"embeddable":true,"href":"https:\/\/www.mancomunidaddetentudia.com\/portal\/wp-json\/wp\/v2\/users\/23"}],"replies":[{"embeddable":true,"href":"https:\/\/www.mancomunidaddetentudia.com\/portal\/wp-json\/wp\/v2\/comments?post=9711"}],"version-history":[{"count":2,"href":"https:\/\/www.mancomunidaddetentudia.com\/portal\/wp-json\/wp\/v2\/posts\/9711\/revisions"}],"predecessor-version":[{"id":9719,"href":"https:\/\/www.mancomunidaddetentudia.com\/portal\/wp-json\/wp\/v2\/posts\/9711\/revisions\/9719"}],"wp:featuredmedia":[{"embeddable":true,"href":"https:\/\/www.mancomunidaddetentudia.com\/portal\/wp-json\/wp\/v2\/media\/9714"}],"wp:attachment":[{"href":"https:\/\/www.mancomunidaddetentudia.com\/portal\/wp-json\/wp\/v2\/media?parent=9711"}],"wp:term":[{"taxonomy":"category","embeddable":true,"href":"https:\/\/www.mancomunidaddetentudia.com\/portal\/wp-json\/wp\/v2\/categories?post=9711"},{"taxonomy":"post_tag","embeddable":true,"href":"https:\/\/www.mancomunidaddetentudia.com\/portal\/wp-json\/wp\/v2\/tags?post=9711"}],"curies":[{"name":"wp","href":"https:\/\/api.w.org\/{rel}","templated":true}]}}