{"id":9751,"date":"2017-12-14T12:39:54","date_gmt":"2017-12-14T11:39:54","guid":{"rendered":"http:\/\/www.mancomunidaddetentudia.com\/portal\/?p=9751"},"modified":"2017-12-14T12:39:54","modified_gmt":"2017-12-14T11:39:54","slug":"la-mancomunidad-de-tentudia-se-reune-nuevamente-con-la-confederacion-hidrografica-del-guadiana","status":"publish","type":"post","link":"https:\/\/www.mancomunidaddetentudia.com\/portal\/la-mancomunidad-de-tentudia-se-reune-nuevamente-con-la-confederacion-hidrografica-del-guadiana\/","title":{"rendered":"LA MANCOMUNIDAD DE TENTUD\u00cdA SE RE\u00daNE NUEVAMENTE CON LA CONFEDERACI\u00d3N HIDROGR\u00c1FICA DEL GUADIANA"},"content":{"rendered":"<p>La pasada semana la presidenta de la Mancomunidad, Mercedes D\u00edaz Ba\u00f1os, mantuvo la reuni\u00f3n solicitada con el presidente de la Confederaci\u00f3n Hidrogr\u00e1fica del Guadiana, Jos\u00e9 Mart\u00ednez Jim\u00e9nez. Esta reuni\u00f3n fue solicitada con urgencia desde la Mancomunidad debido a la situaci\u00f3n actual que tenemos en el pantano de Tentud\u00eda, el cual, seg\u00fan el Plan Especial de Sequ\u00eda de la Cuenca del Guadiana, se encentra en estado de emergencia.<\/p>\n<p>Durante la reuni\u00f3n, la presidenta de la Mancomunidad traslad\u00f3 la preocupaci\u00f3n que existe entre los ciudadanos y los propios representantes pol\u00edticos del territorio con respecto a la capacidad y el volumen embalsado de la presa de Tentud\u00eda, siendo \u00e9ste la \u00fanica fuente de agua disponible para el consumo humano en la comarca.<\/p>\n<p>Del mismo modo, le expuso al presidente la campa\u00f1a de sensibilizaci\u00f3n que se ha iniciado desde la Mancomunidad para la concienciaci\u00f3n ciudadana as\u00ed como las recomendaciones para un uso responsable del agua que se han establecido.<\/p>\n<p>Todas estas actuaciones est\u00e1n incluidas en el Plan Especial de Sequ\u00eda, y atendiendo a los umbrales indicadores que ponen a la Comarca de Tentud\u00eda en situaci\u00f3n de emergencia fueron apoyadas por la propia Confederaci\u00f3n Hidrogr\u00e1fica del Guadiana, quien adem\u00e1s inst\u00f3 a la Mancomunidad a la movilizaci\u00f3n de recursos extraordinarios que se ejecutaron en el Plan de Emergencia del a\u00f1o 2007, como son la utilizaci\u00f3n de los pozos as\u00ed como la reducci\u00f3n del riego de jardines, tanto p\u00fablicos como privados, la reducci\u00f3n del uso de agua en limpieza de calles y el provecho del agua de las fuentes p\u00fablicas ornamentales.<\/p>\n<p>En esta reuni\u00f3n, tanto la presidenta de la Mancomunidad como el presidente de la Confederaci\u00f3n Hidrogr\u00e1fica del Guadiana, se comprometieron conjuntamente a agilizar los tr\u00e1mites en la construcci\u00f3n de una futura presa en el r\u00edo La Ardila, con una capacidad de 14 Hm3, que sumado a los 5 Hm3 que tiene el pantano de Tentud\u00eda, pondr\u00eda soluci\u00f3n a un problema que se repite en nuestra Comarca cada 3 o 4 a\u00f1os.<\/p>\n<p>No obstante, desde la propia Confederaci\u00f3n Hidrogr\u00e1fica del Guadiana han insistido en que, si bien es cierto que la situaci\u00f3n actual es preocupante, estamos en pleno periodo de lluvia, ya que el a\u00f1o hidrol\u00f3gico comenz\u00f3 el 1 de Octubre, y dado que la capacidad actual del pantano es de 2,1 Hm3 y el consumo anual del mismo est\u00e1 en torno al 1,6 Hm3, esto significar\u00eda que estar\u00eda garantizado el consumo de agua en nuestra Comarca para algo m\u00e1s de un a\u00f1o.<\/p>\n<p>La presidenta de la Mancomunidad traslad\u00f3 el pasado lunes 11 de Diciembre al Pleno de la entidad la satisfacci\u00f3n sobre esta reuni\u00f3n, en la cual se est\u00e1n marcando las bases para trabajar conjuntamente entre ambos organismos con el fin de asegurar de una vez por todas que la Comarca de Tentud\u00eda no vuelva a sufrir estos problemas continuados de sequ\u00eda.<\/p>\n","protected":false},"excerpt":{"rendered":"<p>La pasada semana la presidenta de la Mancomunidad, Mercedes D\u00edaz Ba\u00f1os, mantuvo la reuni\u00f3n solicitada con el presidente de la Confederaci\u00f3n Hidrogr\u00e1fica del Guadiana, Jos\u00e9 Mart\u00ednez Jim\u00e9nez. Esta reuni\u00f3n fue solicitada con urgencia desde la Mancomunidad debido a la situaci\u00f3n actual que tenemos en el pantano de Tentud\u00eda, el cual, seg\u00fan el Plan Especial de [&hellip;]<\/p>\n","protected":false},"author":23,"featured_media":9753,"comment_status":"open","ping_status":"open","sticky":false,"template":"","format":"standard","meta":{"footnotes":""},"categories":[27,68,23],"tags":[],"class_list":{"0":"post-9751","1":"post","2":"type-post","3":"status-publish","4":"format-standard","5":"has-post-thumbnail","7":"category-actualidad","8":"category-mancomunidad","9":"category-notas-de-prensa"},"_links":{"self":[{"href":"https:\/\/www.mancomunidaddetentudia.com\/portal\/wp-json\/wp\/v2\/posts\/9751","targetHints":{"allow":["GET"]}}],"collection":[{"href":"https:\/\/www.mancomunidaddetentudia.com\/portal\/wp-json\/wp\/v2\/posts"}],"about":[{"href":"https:\/\/www.mancomunidaddetentudia.com\/portal\/wp-json\/wp\/v2\/types\/post"}],"author":[{"embeddable":true,"href":"https:\/\/www.mancomunidaddetentudia.com\/portal\/wp-json\/wp\/v2\/users\/23"}],"replies":[{"embeddable":true,"href":"https:\/\/www.mancomunidaddetentudia.com\/portal\/wp-json\/wp\/v2\/comments?post=9751"}],"version-history":[{"count":1,"href":"https:\/\/www.mancomunidaddetentudia.com\/portal\/wp-json\/wp\/v2\/posts\/9751\/revisions"}],"predecessor-version":[{"id":9754,"href":"https:\/\/www.mancomunidaddetentudia.com\/portal\/wp-json\/wp\/v2\/posts\/9751\/revisions\/9754"}],"wp:featuredmedia":[{"embeddable":true,"href":"https:\/\/www.mancomunidaddetentudia.com\/portal\/wp-json\/wp\/v2\/media\/9753"}],"wp:attachment":[{"href":"https:\/\/www.mancomunidaddetentudia.com\/portal\/wp-json\/wp\/v2\/media?parent=9751"}],"wp:term":[{"taxonomy":"category","embeddable":true,"href":"https:\/\/www.mancomunidaddetentudia.com\/portal\/wp-json\/wp\/v2\/categories?post=9751"},{"taxonomy":"post_tag","embeddable":true,"href":"https:\/\/www.mancomunidaddetentudia.com\/portal\/wp-json\/wp\/v2\/tags?post=9751"}],"curies":[{"name":"wp","href":"https:\/\/api.w.org\/{rel}","templated":true}]}}