{"id":9767,"date":"2017-12-15T09:34:49","date_gmt":"2017-12-15T08:34:49","guid":{"rendered":"http:\/\/www.mancomunidaddetentudia.com\/portal\/?p=9767"},"modified":"2017-12-15T09:34:49","modified_gmt":"2017-12-15T08:34:49","slug":"el-belen-artistico-tradicional-de-bodonal-de-la-sierra-abre-al-publico-este-viernes","status":"publish","type":"post","link":"https:\/\/www.mancomunidaddetentudia.com\/portal\/el-belen-artistico-tradicional-de-bodonal-de-la-sierra-abre-al-publico-este-viernes\/","title":{"rendered":"EL BEL\u00c9N ART\u00cdSTICO TRADICIONAL DE BODONAL DE LA SIERRA ABRE AL P\u00daBLICO ESTE VIERNES"},"content":{"rendered":"<p><strong>Un grupo de vecinos recupera la tradici\u00f3n belenista de la localidad<\/strong><\/p>\n<p>Visitar el Bel\u00e9n de Bodonal es trasladarse a la \u00e9poca del nacimiento de Jes\u00fas. Localidad de hereditaria tradici\u00f3n belenista, Bodonal de la Sierra ha recuperado para esta Navidad uno delos mayores atractivos tur\u00edsticos de la comarca de Tentud\u00eda: su Bel\u00e9n art\u00edstico tradicional, que se inaugura este viernes, y podr\u00e1 visitarse hasta los primeros d\u00edas del mes de enero.<\/p>\n<p>Durante m\u00e1s de dos meses, un grupo de veinte personas han trabajado para dar forma a una de las representaciones navide\u00f1as m\u00e1s espectaculares de Extremadura, cuyo entramado esc\u00e9nico est\u00e1 movido por 62 motores, 20.000 vatios de potencia y alrededor de 650 puntos de luz, sobre una superficie de m\u00e1s de 250 metros cuadrados, que ocupa todo el patio de butacas y la zona del escenario del cine municipal, cedido por el ayuntamiento, para esta actividad.<\/p>\n<p>David Linares Casta\u00f1o, belenista de Bodonal de la Sierra, ha explicado que en \u201cesta nueva etapa se a\u00fana el trabajo de expertos belenistas, junto a un grupo m\u00e1s inexperto en estas tareas\u201d, que sin embargo, mediante la cooperaci\u00f3n desinteresada y el trabajo en com\u00fan, han logrado, \u201ccon pocos recursos econ\u00f3micos\u201d, que la \u201cilusi\u00f3n de la Navidad\u201d vuelva a inundar Bodonal de la Sierra.<\/p>\n<p>El trabajo, el ingenio y la creatividad de los voluntarios permite al visitante adentrarse en un recorrido \u00fanico que recrea espacios y escenas propias de la \u00e9poca del nacimiento de Jes\u00fas. Se incorporan decenas de figuras en movimiento, fases de iluminaci\u00f3n que recrean fielmente al amanecer, el anochecer el d\u00eda y la noche, y centenares de detalles que hacen que de este Bel\u00e9n un espacio impar, para \u201cvisitar sin prisas de reloj\u201d.<\/p>\n<p>El Bel\u00e9n, que cuenta con el apoyo de la Parroquia de la localidad, se inaugura este viernes, y podr\u00e1 visitarse en horario de 18 a 21 horas, en d\u00edas laborables; y en horario de ma\u00f1ana y tarde, los fines de semana y festivos.<\/p>\n<p>La actividad se complementa con un mercado navide\u00f1o, que se celebrar\u00e1 este domingo en la Plaza de Espa\u00f1a, con la presencia de distintas casas comerciales de la localidad y de la comarca.<\/p>\n","protected":false},"excerpt":{"rendered":"<p>Un grupo de vecinos recupera la tradici\u00f3n belenista de la localidad Visitar el Bel\u00e9n de Bodonal es trasladarse a la \u00e9poca del nacimiento de Jes\u00fas. Localidad de hereditaria tradici\u00f3n belenista, Bodonal de la Sierra ha recuperado para esta Navidad uno delos mayores atractivos tur\u00edsticos de la comarca de Tentud\u00eda: su Bel\u00e9n art\u00edstico tradicional, que se [&hellip;]<\/p>\n","protected":false},"author":23,"featured_media":0,"comment_status":"open","ping_status":"open","sticky":false,"template":"","format":"standard","meta":{"footnotes":""},"categories":[27,68,23],"tags":[227],"class_list":{"0":"post-9767","1":"post","2":"type-post","3":"status-publish","4":"format-standard","6":"category-actualidad","7":"category-mancomunidad","8":"category-notas-de-prensa","9":"tag-bodonal-de-la-sierra"},"_links":{"self":[{"href":"https:\/\/www.mancomunidaddetentudia.com\/portal\/wp-json\/wp\/v2\/posts\/9767","targetHints":{"allow":["GET"]}}],"collection":[{"href":"https:\/\/www.mancomunidaddetentudia.com\/portal\/wp-json\/wp\/v2\/posts"}],"about":[{"href":"https:\/\/www.mancomunidaddetentudia.com\/portal\/wp-json\/wp\/v2\/types\/post"}],"author":[{"embeddable":true,"href":"https:\/\/www.mancomunidaddetentudia.com\/portal\/wp-json\/wp\/v2\/users\/23"}],"replies":[{"embeddable":true,"href":"https:\/\/www.mancomunidaddetentudia.com\/portal\/wp-json\/wp\/v2\/comments?post=9767"}],"version-history":[{"count":1,"href":"https:\/\/www.mancomunidaddetentudia.com\/portal\/wp-json\/wp\/v2\/posts\/9767\/revisions"}],"predecessor-version":[{"id":9770,"href":"https:\/\/www.mancomunidaddetentudia.com\/portal\/wp-json\/wp\/v2\/posts\/9767\/revisions\/9770"}],"wp:attachment":[{"href":"https:\/\/www.mancomunidaddetentudia.com\/portal\/wp-json\/wp\/v2\/media?parent=9767"}],"wp:term":[{"taxonomy":"category","embeddable":true,"href":"https:\/\/www.mancomunidaddetentudia.com\/portal\/wp-json\/wp\/v2\/categories?post=9767"},{"taxonomy":"post_tag","embeddable":true,"href":"https:\/\/www.mancomunidaddetentudia.com\/portal\/wp-json\/wp\/v2\/tags?post=9767"}],"curies":[{"name":"wp","href":"https:\/\/api.w.org\/{rel}","templated":true}]}}