{"id":9815,"date":"2017-12-27T12:18:56","date_gmt":"2017-12-27T11:18:56","guid":{"rendered":"http:\/\/www.mancomunidaddetentudia.com\/portal\/?p=9815"},"modified":"2017-12-27T12:18:56","modified_gmt":"2017-12-27T11:18:56","slug":"clausura-de-la-escuela-profesional-tentudia-xl","status":"publish","type":"post","link":"https:\/\/www.mancomunidaddetentudia.com\/portal\/clausura-de-la-escuela-profesional-tentudia-xl\/","title":{"rendered":"CLAUSURA DE LA ESCUELA PROFESIONAL \u201cTENTUD\u00cdA XL\u201d"},"content":{"rendered":"<p>El pasado martes, 26 de diciembre, se celebr\u00f3 la clausura de la Escuela Profesional \u201cTentud\u00eda XL\u201d, que tuvo lugar en el CID de Tentud\u00eda.<\/p>\n<p>El acto comenzaba con las intervenciones de Mercedes D\u00edaz, Presidenta la Mancomunidad, y el Gerente, Jes\u00fas Aparicio, quienes realizaron una presentaci\u00f3n de los trabajos realizados por el alumnado a lo largo del a\u00f1o.<\/p>\n<p><a href=\"http:\/\/www.mancomunidaddetentudia.com\/portal\/wp-content\/uploads\/2017\/12\/20171226_125013.jpg\"><img loading=\"lazy\" decoding=\"async\" class=\"alignnone wp-image-9817 size-medium\" src=\"http:\/\/www.mancomunidaddetentudia.com\/portal\/wp-content\/uploads\/2017\/12\/20171226_125013-300x173.jpg\" alt=\"\" width=\"300\" height=\"173\" srcset=\"https:\/\/www.mancomunidaddetentudia.com\/portal\/wp-content\/uploads\/2017\/12\/20171226_125013-300x173.jpg 300w, https:\/\/www.mancomunidaddetentudia.com\/portal\/wp-content\/uploads\/2017\/12\/20171226_125013-696x402.jpg 696w, https:\/\/www.mancomunidaddetentudia.com\/portal\/wp-content\/uploads\/2017\/12\/20171226_125013.jpg 718w\" sizes=\"auto, (max-width: 300px) 100vw, 300px\" \/><\/a><\/p>\n<p>A continuaci\u00f3n los alumnos y alumnas, junto con la directora de la escuela, Mar\u00eda Jos\u00e9 Ceballo, les expusieron a sus monitores Marta Delgado y Juan Cuaresma sus agradecimientos, dedic\u00e1ndole unas palabras a cada uno de ellos.<\/p>\n<p><a href=\"http:\/\/www.mancomunidaddetentudia.com\/portal\/wp-content\/uploads\/2017\/12\/20171226_130101.jpg\"><img loading=\"lazy\" decoding=\"async\" class=\"alignnone wp-image-9818 size-medium\" src=\"http:\/\/www.mancomunidaddetentudia.com\/portal\/wp-content\/uploads\/2017\/12\/20171226_130101-300x148.jpg\" alt=\"\" width=\"300\" height=\"148\" srcset=\"https:\/\/www.mancomunidaddetentudia.com\/portal\/wp-content\/uploads\/2017\/12\/20171226_130101-300x148.jpg 300w, https:\/\/www.mancomunidaddetentudia.com\/portal\/wp-content\/uploads\/2017\/12\/20171226_130101-324x160.jpg 324w, https:\/\/www.mancomunidaddetentudia.com\/portal\/wp-content\/uploads\/2017\/12\/20171226_130101-533x261.jpg 533w, https:\/\/www.mancomunidaddetentudia.com\/portal\/wp-content\/uploads\/2017\/12\/20171226_130101-696x343.jpg 696w, https:\/\/www.mancomunidaddetentudia.com\/portal\/wp-content\/uploads\/2017\/12\/20171226_130101.jpg 717w\" sizes=\"auto, (max-width: 300px) 100vw, 300px\" \/><\/a><\/p>\n<p>Finalmente, \u00a0tuvo lugar la entrega de diplomas a cargo de los representantes de la Mancomunidad, los monitores, la directora y la coordinadora de la escuela, Mar\u00eda Victoria N\u00fa\u00f1ez.<\/p>\n","protected":false},"excerpt":{"rendered":"<p>El pasado martes, 26 de diciembre, se celebr\u00f3 la clausura de la Escuela Profesional \u201cTentud\u00eda XL\u201d, que tuvo lugar en el CID de Tentud\u00eda. El acto comenzaba con las intervenciones de Mercedes D\u00edaz, Presidenta la Mancomunidad, y el Gerente, Jes\u00fas Aparicio, quienes realizaron una presentaci\u00f3n de los trabajos realizados por el alumnado a lo largo [&hellip;]<\/p>\n","protected":false},"author":23,"featured_media":9816,"comment_status":"open","ping_status":"open","sticky":false,"template":"","format":"standard","meta":{"footnotes":""},"categories":[27,68,23],"tags":[],"class_list":{"0":"post-9815","1":"post","2":"type-post","3":"status-publish","4":"format-standard","5":"has-post-thumbnail","7":"category-actualidad","8":"category-mancomunidad","9":"category-notas-de-prensa"},"_links":{"self":[{"href":"https:\/\/www.mancomunidaddetentudia.com\/portal\/wp-json\/wp\/v2\/posts\/9815","targetHints":{"allow":["GET"]}}],"collection":[{"href":"https:\/\/www.mancomunidaddetentudia.com\/portal\/wp-json\/wp\/v2\/posts"}],"about":[{"href":"https:\/\/www.mancomunidaddetentudia.com\/portal\/wp-json\/wp\/v2\/types\/post"}],"author":[{"embeddable":true,"href":"https:\/\/www.mancomunidaddetentudia.com\/portal\/wp-json\/wp\/v2\/users\/23"}],"replies":[{"embeddable":true,"href":"https:\/\/www.mancomunidaddetentudia.com\/portal\/wp-json\/wp\/v2\/comments?post=9815"}],"version-history":[{"count":1,"href":"https:\/\/www.mancomunidaddetentudia.com\/portal\/wp-json\/wp\/v2\/posts\/9815\/revisions"}],"predecessor-version":[{"id":9819,"href":"https:\/\/www.mancomunidaddetentudia.com\/portal\/wp-json\/wp\/v2\/posts\/9815\/revisions\/9819"}],"wp:featuredmedia":[{"embeddable":true,"href":"https:\/\/www.mancomunidaddetentudia.com\/portal\/wp-json\/wp\/v2\/media\/9816"}],"wp:attachment":[{"href":"https:\/\/www.mancomunidaddetentudia.com\/portal\/wp-json\/wp\/v2\/media?parent=9815"}],"wp:term":[{"taxonomy":"category","embeddable":true,"href":"https:\/\/www.mancomunidaddetentudia.com\/portal\/wp-json\/wp\/v2\/categories?post=9815"},{"taxonomy":"post_tag","embeddable":true,"href":"https:\/\/www.mancomunidaddetentudia.com\/portal\/wp-json\/wp\/v2\/tags?post=9815"}],"curies":[{"name":"wp","href":"https:\/\/api.w.org\/{rel}","templated":true}]}}