{"id":9832,"date":"2018-01-03T08:22:00","date_gmt":"2018-01-03T07:22:00","guid":{"rendered":"http:\/\/www.mancomunidaddetentudia.com\/portal\/?p=9832"},"modified":"2018-01-03T08:24:07","modified_gmt":"2018-01-03T07:24:07","slug":"la-escuela-profesional-tentudia-turistica-realiza-varias-visitas-turisticas-a-los-municipios-de-la-mancomunidad","status":"publish","type":"post","link":"https:\/\/www.mancomunidaddetentudia.com\/portal\/la-escuela-profesional-tentudia-turistica-realiza-varias-visitas-turisticas-a-los-municipios-de-la-mancomunidad\/","title":{"rendered":"LA ESCUELA PROFESIONAL \u00abTENTUD\u00cdA TUR\u00cdSTICA\u00bb REALIZA VARIAS VISITAS A LOS MUNICIPIOS DE LA MANCOMUNIDAD"},"content":{"rendered":"<p>El pasado d\u00eda 22 de diciembre, los alumnos y alumnas de la Escuela Profesional de Turismo, acompa\u00f1ados de sus monitores, visitaron el municipio de Segura de Le\u00f3n.<\/p>\n<p><a href=\"http:\/\/www.mancomunidaddetentudia.com\/portal\/wp-content\/uploads\/2018\/01\/CASTILLO.jpg\"><img loading=\"lazy\" decoding=\"async\" class=\"alignnone wp-image-9836 size-medium\" src=\"http:\/\/www.mancomunidaddetentudia.com\/portal\/wp-content\/uploads\/2018\/01\/CASTILLO-300x223.jpg\" alt=\"\" width=\"300\" height=\"223\" srcset=\"https:\/\/www.mancomunidaddetentudia.com\/portal\/wp-content\/uploads\/2018\/01\/CASTILLO-300x223.jpg 300w, https:\/\/www.mancomunidaddetentudia.com\/portal\/wp-content\/uploads\/2018\/01\/CASTILLO-768x570.jpg 768w, https:\/\/www.mancomunidaddetentudia.com\/portal\/wp-content\/uploads\/2018\/01\/CASTILLO-80x60.jpg 80w, https:\/\/www.mancomunidaddetentudia.com\/portal\/wp-content\/uploads\/2018\/01\/CASTILLO-265x198.jpg 265w, https:\/\/www.mancomunidaddetentudia.com\/portal\/wp-content\/uploads\/2018\/01\/CASTILLO-696x516.jpg 696w, https:\/\/www.mancomunidaddetentudia.com\/portal\/wp-content\/uploads\/2018\/01\/CASTILLO-566x420.jpg 566w, https:\/\/www.mancomunidaddetentudia.com\/portal\/wp-content\/uploads\/2018\/01\/CASTILLO.jpg 960w\" sizes=\"auto, (max-width: 300px) 100vw, 300px\" \/><\/a><\/p>\n<p>Para la realizaci\u00f3n de esta visita contaron con la gu\u00eda de turismo de la localidad, quien los acompa\u00f1\u00f3 durante todo el trayecto. Visitaron, entre otros recursos tur\u00edsticos, la Parroquia de nuestra Se\u00f1ora de la Asunci\u00f3n, el Castillo y la Ermita del Cristo de la Reja localizada en el convento de San Benito.<\/p>\n<div>D\u00edas despu\u00e9s visitaron la localidad de Fuentes de L\u00e9on, siendo recibidos por la t\u00e9cnico del\u00a0Laboratorio de Investigaci\u00f3n en Paleontolog\u00eda y Evoluci\u00f3n del Comportamiento Humano en Extremadura:\u00a0LIPECHEX, quien les relat\u00f3 las investigaciones que se est\u00e1n llevando a cabo con los restos que siguen apareciendo en las cuevas.<\/div>\n<div><\/div>\n<div><a href=\"http:\/\/www.mancomunidaddetentudia.com\/portal\/wp-content\/uploads\/2018\/01\/LIPECHEX-1.jpg\"><img loading=\"lazy\" decoding=\"async\" class=\"alignnone wp-image-9838 size-medium\" src=\"http:\/\/www.mancomunidaddetentudia.com\/portal\/wp-content\/uploads\/2018\/01\/LIPECHEX-1-300x225.jpg\" alt=\"\" width=\"300\" height=\"225\" srcset=\"https:\/\/www.mancomunidaddetentudia.com\/portal\/wp-content\/uploads\/2018\/01\/LIPECHEX-1-300x225.jpg 300w, https:\/\/www.mancomunidaddetentudia.com\/portal\/wp-content\/uploads\/2018\/01\/LIPECHEX-1.jpg 768w, https:\/\/www.mancomunidaddetentudia.com\/portal\/wp-content\/uploads\/2018\/01\/LIPECHEX-1-80x60.jpg 80w, https:\/\/www.mancomunidaddetentudia.com\/portal\/wp-content\/uploads\/2018\/01\/LIPECHEX-1-265x198.jpg 265w, https:\/\/www.mancomunidaddetentudia.com\/portal\/wp-content\/uploads\/2018\/01\/LIPECHEX-1-696x522.jpg 696w, https:\/\/www.mancomunidaddetentudia.com\/portal\/wp-content\/uploads\/2018\/01\/LIPECHEX-1-560x420.jpg 560w\" sizes=\"auto, (max-width: 300px) 100vw, 300px\" \/><\/a><\/div>\n<div><\/div>\n<div>A continuaci\u00f3n, realizaron una visita guiada a las cuevas, donde pudieron contrastar la informaci\u00f3n que les proporcion\u00f3 la t\u00e9cnica del laboratorio, a la vez que disfrutaban del monumento natural y su espectacular entorno.<\/div>\n","protected":false},"excerpt":{"rendered":"<p>El pasado d\u00eda 22 de diciembre, los alumnos y alumnas de la Escuela Profesional de Turismo, acompa\u00f1ados de sus monitores, visitaron el municipio de Segura de Le\u00f3n. Para la realizaci\u00f3n de esta visita contaron con la gu\u00eda de turismo de la localidad, quien los acompa\u00f1\u00f3 durante todo el trayecto. Visitaron, entre otros recursos tur\u00edsticos, la [&hellip;]<\/p>\n","protected":false},"author":23,"featured_media":9835,"comment_status":"open","ping_status":"open","sticky":false,"template":"","format":"standard","meta":{"footnotes":""},"categories":[27,68],"tags":[],"class_list":{"0":"post-9832","1":"post","2":"type-post","3":"status-publish","4":"format-standard","5":"has-post-thumbnail","7":"category-actualidad","8":"category-mancomunidad"},"_links":{"self":[{"href":"https:\/\/www.mancomunidaddetentudia.com\/portal\/wp-json\/wp\/v2\/posts\/9832","targetHints":{"allow":["GET"]}}],"collection":[{"href":"https:\/\/www.mancomunidaddetentudia.com\/portal\/wp-json\/wp\/v2\/posts"}],"about":[{"href":"https:\/\/www.mancomunidaddetentudia.com\/portal\/wp-json\/wp\/v2\/types\/post"}],"author":[{"embeddable":true,"href":"https:\/\/www.mancomunidaddetentudia.com\/portal\/wp-json\/wp\/v2\/users\/23"}],"replies":[{"embeddable":true,"href":"https:\/\/www.mancomunidaddetentudia.com\/portal\/wp-json\/wp\/v2\/comments?post=9832"}],"version-history":[{"count":2,"href":"https:\/\/www.mancomunidaddetentudia.com\/portal\/wp-json\/wp\/v2\/posts\/9832\/revisions"}],"predecessor-version":[{"id":9840,"href":"https:\/\/www.mancomunidaddetentudia.com\/portal\/wp-json\/wp\/v2\/posts\/9832\/revisions\/9840"}],"wp:featuredmedia":[{"embeddable":true,"href":"https:\/\/www.mancomunidaddetentudia.com\/portal\/wp-json\/wp\/v2\/media\/9835"}],"wp:attachment":[{"href":"https:\/\/www.mancomunidaddetentudia.com\/portal\/wp-json\/wp\/v2\/media?parent=9832"}],"wp:term":[{"taxonomy":"category","embeddable":true,"href":"https:\/\/www.mancomunidaddetentudia.com\/portal\/wp-json\/wp\/v2\/categories?post=9832"},{"taxonomy":"post_tag","embeddable":true,"href":"https:\/\/www.mancomunidaddetentudia.com\/portal\/wp-json\/wp\/v2\/tags?post=9832"}],"curies":[{"name":"wp","href":"https:\/\/api.w.org\/{rel}","templated":true}]}}